{"id":7329,"date":"2024-03-12T10:00:00","date_gmt":"2024-03-12T08:00:00","guid":{"rendered":"guid"},"modified":"2024-03-12T10:00:00","modified_gmt":"2024-03-12T08:00:00","slug":"bfh-vorsteuerabzug-pauschalierende-land-und-forstwirte","status":"publish","type":"post","link":"https:\/\/www.doppelklicker.de\/blog\/bfh-vorsteuerabzug-pauschalierende-land-und-forstwirte\/","title":{"rendered":"Berichtigung des Vorsteuerabzugs: Probleme f\u00fcr Land- und Forstwirte"},"content":{"rendered":"<p>Laut einem aktuellen Urteil des Bundesfinanzhofs (BFH) d\u00fcrfen pauschalierende Land- und Forstwirte ab sofort keine Vorsteuerbetr\u00e4ge mehr geltend machen, auch wenn sie im Folgejahr zur Regelbesteuerung wechseln. Diese Entscheidung stellt einen klaren Bruch mit einem fr\u00fcheren Urteil des Finanzgerichts Niedersachsen dar. Steuerexperte Gerhard Kurz von Ecovis erkl\u00e4rt die Hintergr\u00fcnde dieser neuen Regelung und gibt Empfehlungen f\u00fcr betroffene Land- und Forstwirte, wie sie mit dieser Einschr\u00e4nkung umgehen k\u00f6nnen.<br \/>\n<!--more--><\/p>\n<div id=\"ez-toc-container\" class=\"ez-toc-v2_0_16 counter-hierarchy\">\n<div class=\"ez-toc-title-container\">\n<p class=\"ez-toc-title\">Inhaltsverzeichnis: Das erwartet Sie in diesem Artikel<\/p>\n<span class=\"ez-toc-title-toggle\"><a class=\"ez-toc-pull-right ez-toc-btn ez-toc-btn-xs ez-toc-btn-default ez-toc-toggle\" style=\"display: none;\"><i class=\"ez-toc-glyphicon ez-toc-icon-toggle\"><\/i><\/a><\/span><\/div>\n<nav><ul class=\"ez-toc-list ez-toc-list-level-1\"><li class=\"ez-toc-page-1 ez-toc-heading-level-2\"><a class=\"ez-toc-link ez-toc-heading-1\" href=\"https:\/\/www.doppelklicker.de\/blog\/bfh-vorsteuerabzug-pauschalierende-land-und-forstwirte\/#kein-vorsteuerabzug-fuer-pauschalierende-land-und-forstwirte-laut-bfh\" title=\"Kein Vorsteuerabzug f\u00fcr pauschalierende Land- und Forstwirte laut BFH\">Kein Vorsteuerabzug f\u00fcr pauschalierende Land- und Forstwirte laut BFH<\/a><\/li><li class=\"ez-toc-page-1 ez-toc-heading-level-2\"><a class=\"ez-toc-link ez-toc-heading-2\" href=\"https:\/\/www.doppelklicker.de\/blog\/bfh-vorsteuerabzug-pauschalierende-land-und-forstwirte\/#pauschalierende-land-und-forstwirte-ohne-vorsteuerabzug\" title=\"Pauschalierende Land- und Forstwirte ohne Vorsteuerabzug\">Pauschalierende Land- und Forstwirte ohne Vorsteuerabzug<\/a><\/li><li class=\"ez-toc-page-1 ez-toc-heading-level-2\"><a class=\"ez-toc-link ez-toc-heading-3\" href=\"https:\/\/www.doppelklicker.de\/blog\/bfh-vorsteuerabzug-pauschalierende-land-und-forstwirte\/#empfehlung-steuerlichen-rat-bei-der-berichtigung-des-vorsteuerabzugs-einholen\" title=\"Empfehlung: Steuerlichen Rat bei der Berichtigung des Vorsteuerabzugs einholen\">Empfehlung: Steuerlichen Rat bei der Berichtigung des Vorsteuerabzugs einholen<\/a><\/li><li class=\"ez-toc-page-1 ez-toc-heading-level-2\"><a class=\"ez-toc-link ez-toc-heading-4\" href=\"https:\/\/www.doppelklicker.de\/blog\/bfh-vorsteuerabzug-pauschalierende-land-und-forstwirte\/#berichtigung-des-vorsteuerabzugs-option-fuer-land-und-forstwirte-nach-bfh-urteil\" title=\"Berichtigung des Vorsteuerabzugs: Option f\u00fcr Land- und Forstwirte nach BFH-Urteil\">Berichtigung des Vorsteuerabzugs: Option f\u00fcr Land- und Forstwirte nach BFH-Urteil<\/a><\/li><\/ul><\/nav><\/div>\n<h2><span class=\"ez-toc-section\" id=\"kein-vorsteuerabzug-fuer-pauschalierende-land-und-forstwirte-laut-bfh\"><\/span>Kein Vorsteuerabzug f\u00fcr pauschalierende Land- und Forstwirte laut BFH<span class=\"ez-toc-section-end\"><\/span><\/h2>\n<p>In einem aktuellen Urteil hat der Bundesfinanzhof entschieden, dass pauschalierende Land- und Forstwirte keine Vorsteuerbetr\u00e4ge mehr geltend machen d\u00fcrfen. Bisher war dies m\u00f6glich, wenn die bezogenen Leistungen mit Ums\u00e4tzen zusammenhingen, die im Folgejahr der Regelbesteuerung unterlagen.<\/p>\n<p>In einem aktuellen Urteil hat der Bundesfinanzhof eine Entscheidung getroffen, die pauschalierende Land- und Forstwirte betrifft. Diese d\u00fcrfen nun keine Vorsteuerbetr\u00e4ge mehr geltend machen, selbst wenn bereits beim Leistungsbezug absehbar ist, dass im Folgejahr die Umsatzgrenze \u00fcberschritten wird und Regelbesteuerung anzuwenden ist. Diese \u00c4nderung stellt eine Abkehr von der bisherigen Praxis dar und kann steuerliche Konsequenzen f\u00fcr Land- und Forstwirte haben, die sich in dieser speziellen Situation befinden.<\/p>\n<h2><span class=\"ez-toc-section\" id=\"pauschalierende-land-und-forstwirte-ohne-vorsteuerabzug\"><\/span>Pauschalierende Land- und Forstwirte ohne Vorsteuerabzug<span class=\"ez-toc-section-end\"><\/span><\/h2>\n<p>F\u00fcr Land- und Forstwirte, die vorhaben, von der pauschalen Besteuerung zur Regelbesteuerung \u00fcberzugehen, ist es nun nicht mehr m\u00f6glich, Vorsteuerbetr\u00e4ge geltend zu machen. Stattdessen bleibt ihnen nur die Option, den Vorsteuerabzug nachtr\u00e4glich zu korrigieren. Die Grundlage hierf\u00fcr bildet der Paragraph 15a des Umsatzsteuergesetzes (UStG). Allerdings ist die Berichtigung der Vorsteuer nur m\u00f6glich, wenn die auf die Anschaffungs- oder Herstellungskosten eines Wirtschaftsguts entfallende Vorsteuer einen Betrag von 1.000 Euro nicht \u00fcbersteigt. Diese Grenze gilt f\u00fcr jedes einzelne Wirtschaftsgut.<\/p>\n<h2><span class=\"ez-toc-section\" id=\"empfehlung-steuerlichen-rat-bei-der-berichtigung-des-vorsteuerabzugs-einholen\"><\/span>Empfehlung: Steuerlichen Rat bei der Berichtigung des Vorsteuerabzugs einholen<span class=\"ez-toc-section-end\"><\/span><\/h2>\n<p>Bei der Lieferung mehrerer Gegenst\u00e4nde gleicher Art und Gr\u00f6\u00dfe kann es im Alltag zu Problemen bei der Festlegung des Berichtigungsobjekts kommen. Um m\u00f6gliche Fehler bei der Berichtigung des Vorsteuerabzugs zu vermeiden, sollten betroffene Land- und Forstwirte die Unterst\u00fctzung eines erfahrenen Steuerberaters suchen. Dieser kann ihnen helfen, die richtige Vorgehensweise zu bestimmen und sicherzustellen, dass der Vorsteuerabzug korrekt berichtigt wird, um m\u00f6gliche steuerliche Probleme zu vermeiden.<\/p>\n<h2><span class=\"ez-toc-section\" id=\"berichtigung-des-vorsteuerabzugs-option-fuer-land-und-forstwirte-nach-bfh-urteil\"><\/span>Berichtigung des Vorsteuerabzugs: Option f\u00fcr Land- und Forstwirte nach BFH-Urteil<span class=\"ez-toc-section-end\"><\/span><\/h2>\n<p>Das Urteil des Bundesfinanzhofs hat weitreichende Konsequenzen f\u00fcr pauschalierende Land- und Forstwirte in Bezug auf ihre steuerlichen Rechte. Ab sofort ist es ihnen nicht mehr gestattet, Vorsteuerbetr\u00e4ge geltend zu machen, selbst wenn sie im Folgejahr zur Regelbesteuerung wechseln. Die einzige Option, um dennoch von einem Vorsteuerabzug zu profitieren, besteht darin, diesen nachtr\u00e4glich gem\u00e4\u00df Paragraph 15a UStG zu korrigieren. Um m\u00f6gliche Schwierigkeiten bei der Berichtigung zu vermeiden, sollten betroffene Land- und Forstwirte steuerlichen Rat einholen.<\/p>\n","protected":false},"excerpt":{"rendered":"<p>Laut einem aktuellen Urteil des Bundesfinanzhofs (BFH) d\u00fcrfen pauschalierende Land- und Forstwirte ab sofort keine Vorsteuerbetr\u00e4ge mehr geltend machen, auch wenn sie im Folgejahr zur Regelbesteuerung wechseln. Diese Entscheidung stellt einen klaren Bruch mit einem fr\u00fcheren Urteil des Finanzgerichts Niedersachsen dar. Steuerexperte Gerhard Kurz von Ecovis erkl\u00e4rt die Hintergr\u00fcnde dieser neuen Regelung und gibt Empfehlungen<\/p>\n<div class=\"read-more\"><a href=\"https:\/\/www.doppelklicker.de\/blog\/bfh-vorsteuerabzug-pauschalierende-land-und-forstwirte\/\" title=\"Jetzt alles lesen\">Jetzt alles lesen<\/a><\/div>\n","protected":false},"author":8,"featured_media":7332,"comment_status":"open","ping_status":"open","sticky":false,"template":"","format":"standard","meta":[],"categories":[3305],"tags":[],"yoast_head":"<!-- This site is optimized with the Yoast SEO plugin v18.2 - https:\/\/yoast.com\/wordpress\/plugins\/seo\/ -->\n<meta name=\"robots\" content=\"index, follow, max-snippet:-1, max-image-preview:large, max-video-preview:-1\" \/>\n<link rel=\"canonical\" href=\"https:\/\/www.doppelklicker.de\/blog\/bfh-vorsteuerabzug-pauschalierende-land-und-forstwirte\/\" \/>\n<meta property=\"og:locale\" content=\"de_DE\" \/>\n<meta property=\"og:type\" content=\"article\" \/>\n<meta property=\"og:title\" content=\"Berichtigung des Vorsteuerabzugs: Probleme f\u00fcr Land- und Forstwirte\" \/>\n<meta property=\"og:description\" content=\"Laut einem aktuellen Urteil des Bundesfinanzhofs (BFH) d\u00fcrfen pauschalierende Land- und Forstwirte ab sofort keine Vorsteuerbetr\u00e4ge mehr geltend machen, auch wenn sie im Folgejahr zur Regelbesteuerung wechseln. Diese Entscheidung stellt einen klaren Bruch mit einem fr\u00fcheren Urteil des Finanzgerichts Niedersachsen dar. Steuerexperte Gerhard Kurz von Ecovis erkl\u00e4rt die Hintergr\u00fcnde dieser neuen Regelung und gibt EmpfehlungenJetzt alles lesen\" \/>\n<meta property=\"og:url\" content=\"https:\/\/www.doppelklicker.de\/blog\/bfh-vorsteuerabzug-pauschalierende-land-und-forstwirte\/\" \/>\n<meta property=\"og:site_name\" content=\"Aus Mainz.\" \/>\n<meta property=\"article:published_time\" content=\"2024-03-12T08:00:00+00:00\" \/>\n<meta property=\"og:image\" content=\"https:\/\/www.doppelklicker.de\/blog\/wp-content\/uploads\/2024\/02\/bfh-urteilt-gegen-vorsteuerabzug-land-und-forstwirten-19199.jpg\" \/>\n\t<meta property=\"og:image:width\" content=\"1280\" \/>\n\t<meta property=\"og:image:height\" content=\"615\" \/>\n\t<meta property=\"og:image:type\" content=\"image\/jpeg\" \/>\n<meta name=\"twitter:card\" content=\"summary_large_image\" \/>\n<meta name=\"twitter:label1\" content=\"Verfasst von\" \/>\n\t<meta name=\"twitter:data1\" content=\"Iris Martin\" \/>\n\t<meta name=\"twitter:label2\" content=\"Gesch\u00e4tzte Lesezeit\" \/>\n\t<meta name=\"twitter:data2\" content=\"2 Minuten\" \/>\n<script type=\"application\/ld+json\" class=\"yoast-schema-graph\">{\"@context\":\"https:\/\/schema.org\",\"@graph\":[{\"@type\":\"WebSite\",\"@id\":\"https:\/\/www.doppelklicker.de\/blog\/#website\",\"url\":\"https:\/\/www.doppelklicker.de\/blog\/\",\"name\":\"Aus Mainz.\",\"description\":\"F\u00fcr die Welt.\",\"potentialAction\":[{\"@type\":\"SearchAction\",\"target\":{\"@type\":\"EntryPoint\",\"urlTemplate\":\"https:\/\/www.doppelklicker.de\/blog\/?s={search_term_string}\"},\"query-input\":\"required name=search_term_string\"}],\"inLanguage\":\"de-DE\"},{\"@type\":\"ImageObject\",\"@id\":\"https:\/\/www.doppelklicker.de\/blog\/bfh-vorsteuerabzug-pauschalierende-land-und-forstwirte\/#primaryimage\",\"inLanguage\":\"de-DE\",\"url\":\"https:\/\/www.doppelklicker.de\/blog\/wp-content\/uploads\/2024\/02\/bfh-urteilt-gegen-vorsteuerabzug-land-und-forstwirten-19199.jpg\",\"contentUrl\":\"https:\/\/www.doppelklicker.de\/blog\/wp-content\/uploads\/2024\/02\/bfh-urteilt-gegen-vorsteuerabzug-land-und-forstwirten-19199.jpg\",\"width\":1280,\"height\":615,\"caption\":\"Berichtigung des Vorsteuerabzugs: Probleme f\u00fcr Land- und Forstwirte (Foto: AdobeStock - ValentinValkov 247186378)\"},{\"@type\":\"WebPage\",\"@id\":\"https:\/\/www.doppelklicker.de\/blog\/bfh-vorsteuerabzug-pauschalierende-land-und-forstwirte\/#webpage\",\"url\":\"https:\/\/www.doppelklicker.de\/blog\/bfh-vorsteuerabzug-pauschalierende-land-und-forstwirte\/\",\"name\":\"Berichtigung des Vorsteuerabzugs: Probleme f\u00fcr Land- und Forstwirte\",\"isPartOf\":{\"@id\":\"https:\/\/www.doppelklicker.de\/blog\/#website\"},\"primaryImageOfPage\":{\"@id\":\"https:\/\/www.doppelklicker.de\/blog\/bfh-vorsteuerabzug-pauschalierende-land-und-forstwirte\/#primaryimage\"},\"datePublished\":\"2024-03-12T08:00:00+00:00\",\"dateModified\":\"2024-03-12T08:00:00+00:00\",\"author\":{\"@id\":\"https:\/\/www.doppelklicker.de\/blog\/#\/schema\/person\/08dcac172bdb025e8ff433488184668a\"},\"breadcrumb\":{\"@id\":\"https:\/\/www.doppelklicker.de\/blog\/bfh-vorsteuerabzug-pauschalierende-land-und-forstwirte\/#breadcrumb\"},\"inLanguage\":\"de-DE\",\"potentialAction\":[{\"@type\":\"ReadAction\",\"target\":[\"https:\/\/www.doppelklicker.de\/blog\/bfh-vorsteuerabzug-pauschalierende-land-und-forstwirte\/\"]}]},{\"@type\":\"BreadcrumbList\",\"@id\":\"https:\/\/www.doppelklicker.de\/blog\/bfh-vorsteuerabzug-pauschalierende-land-und-forstwirte\/#breadcrumb\",\"itemListElement\":[{\"@type\":\"ListItem\",\"position\":1,\"name\":\"Startseite\",\"item\":\"https:\/\/www.doppelklicker.de\/blog\/\"},{\"@type\":\"ListItem\",\"position\":2,\"name\":\"Berichtigung des Vorsteuerabzugs: Probleme f\u00fcr Land- und Forstwirte\"}]},{\"@type\":\"Person\",\"@id\":\"https:\/\/www.doppelklicker.de\/blog\/#\/schema\/person\/08dcac172bdb025e8ff433488184668a\",\"name\":\"Iris Martin\",\"image\":{\"@type\":\"ImageObject\",\"@id\":\"https:\/\/www.doppelklicker.de\/blog\/#personlogo\",\"inLanguage\":\"de-DE\",\"url\":\"https:\/\/secure.gravatar.com\/avatar\/82fdaa093be0b9686b531f99fcb54d15?s=96&d=wp_user_avatar&r=g\",\"contentUrl\":\"https:\/\/secure.gravatar.com\/avatar\/82fdaa093be0b9686b531f99fcb54d15?s=96&d=wp_user_avatar&r=g\",\"caption\":\"Iris Martin\"},\"url\":\"https:\/\/www.doppelklicker.de\/blog\/author\/iris-martin\/\"}]}<\/script>\n<!-- \/ Yoast SEO plugin. -->","yoast_head_json":{"robots":{"index":"index","follow":"follow","max-snippet":"max-snippet:-1","max-image-preview":"max-image-preview:large","max-video-preview":"max-video-preview:-1"},"canonical":"https:\/\/www.doppelklicker.de\/blog\/bfh-vorsteuerabzug-pauschalierende-land-und-forstwirte\/","og_locale":"de_DE","og_type":"article","og_title":"Berichtigung des Vorsteuerabzugs: Probleme f\u00fcr Land- und Forstwirte","og_description":"Laut einem aktuellen Urteil des Bundesfinanzhofs (BFH) d\u00fcrfen pauschalierende Land- und Forstwirte ab sofort keine Vorsteuerbetr\u00e4ge mehr geltend machen, auch wenn sie im Folgejahr zur Regelbesteuerung wechseln. Diese Entscheidung stellt einen klaren Bruch mit einem fr\u00fcheren Urteil des Finanzgerichts Niedersachsen dar. Steuerexperte Gerhard Kurz von Ecovis erkl\u00e4rt die Hintergr\u00fcnde dieser neuen Regelung und gibt EmpfehlungenJetzt alles lesen","og_url":"https:\/\/www.doppelklicker.de\/blog\/bfh-vorsteuerabzug-pauschalierende-land-und-forstwirte\/","og_site_name":"Aus Mainz.","article_published_time":"2024-03-12T08:00:00+00:00","og_image":[{"width":1280,"height":615,"url":"https:\/\/www.doppelklicker.de\/blog\/wp-content\/uploads\/2024\/02\/bfh-urteilt-gegen-vorsteuerabzug-land-und-forstwirten-19199.jpg","type":"image\/jpeg"}],"twitter_card":"summary_large_image","twitter_misc":{"Verfasst von":"Iris Martin","Gesch\u00e4tzte Lesezeit":"2 Minuten"},"schema":{"@context":"https:\/\/schema.org","@graph":[{"@type":"WebSite","@id":"https:\/\/www.doppelklicker.de\/blog\/#website","url":"https:\/\/www.doppelklicker.de\/blog\/","name":"Aus Mainz.","description":"F\u00fcr die Welt.","potentialAction":[{"@type":"SearchAction","target":{"@type":"EntryPoint","urlTemplate":"https:\/\/www.doppelklicker.de\/blog\/?s={search_term_string}"},"query-input":"required name=search_term_string"}],"inLanguage":"de-DE"},{"@type":"ImageObject","@id":"https:\/\/www.doppelklicker.de\/blog\/bfh-vorsteuerabzug-pauschalierende-land-und-forstwirte\/#primaryimage","inLanguage":"de-DE","url":"https:\/\/www.doppelklicker.de\/blog\/wp-content\/uploads\/2024\/02\/bfh-urteilt-gegen-vorsteuerabzug-land-und-forstwirten-19199.jpg","contentUrl":"https:\/\/www.doppelklicker.de\/blog\/wp-content\/uploads\/2024\/02\/bfh-urteilt-gegen-vorsteuerabzug-land-und-forstwirten-19199.jpg","width":1280,"height":615,"caption":"Berichtigung des Vorsteuerabzugs: Probleme f\u00fcr Land- und Forstwirte (Foto: AdobeStock - ValentinValkov 247186378)"},{"@type":"WebPage","@id":"https:\/\/www.doppelklicker.de\/blog\/bfh-vorsteuerabzug-pauschalierende-land-und-forstwirte\/#webpage","url":"https:\/\/www.doppelklicker.de\/blog\/bfh-vorsteuerabzug-pauschalierende-land-und-forstwirte\/","name":"Berichtigung des Vorsteuerabzugs: Probleme f\u00fcr Land- und Forstwirte","isPartOf":{"@id":"https:\/\/www.doppelklicker.de\/blog\/#website"},"primaryImageOfPage":{"@id":"https:\/\/www.doppelklicker.de\/blog\/bfh-vorsteuerabzug-pauschalierende-land-und-forstwirte\/#primaryimage"},"datePublished":"2024-03-12T08:00:00+00:00","dateModified":"2024-03-12T08:00:00+00:00","author":{"@id":"https:\/\/www.doppelklicker.de\/blog\/#\/schema\/person\/08dcac172bdb025e8ff433488184668a"},"breadcrumb":{"@id":"https:\/\/www.doppelklicker.de\/blog\/bfh-vorsteuerabzug-pauschalierende-land-und-forstwirte\/#breadcrumb"},"inLanguage":"de-DE","potentialAction":[{"@type":"ReadAction","target":["https:\/\/www.doppelklicker.de\/blog\/bfh-vorsteuerabzug-pauschalierende-land-und-forstwirte\/"]}]},{"@type":"BreadcrumbList","@id":"https:\/\/www.doppelklicker.de\/blog\/bfh-vorsteuerabzug-pauschalierende-land-und-forstwirte\/#breadcrumb","itemListElement":[{"@type":"ListItem","position":1,"name":"Startseite","item":"https:\/\/www.doppelklicker.de\/blog\/"},{"@type":"ListItem","position":2,"name":"Berichtigung des Vorsteuerabzugs: Probleme f\u00fcr Land- und Forstwirte"}]},{"@type":"Person","@id":"https:\/\/www.doppelklicker.de\/blog\/#\/schema\/person\/08dcac172bdb025e8ff433488184668a","name":"Iris Martin","image":{"@type":"ImageObject","@id":"https:\/\/www.doppelklicker.de\/blog\/#personlogo","inLanguage":"de-DE","url":"https:\/\/secure.gravatar.com\/avatar\/82fdaa093be0b9686b531f99fcb54d15?s=96&d=wp_user_avatar&r=g","contentUrl":"https:\/\/secure.gravatar.com\/avatar\/82fdaa093be0b9686b531f99fcb54d15?s=96&d=wp_user_avatar&r=g","caption":"Iris Martin"},"url":"https:\/\/www.doppelklicker.de\/blog\/author\/iris-martin\/"}]}},"_links":{"self":[{"href":"https:\/\/www.doppelklicker.de\/blog\/wp-json\/wp\/v2\/posts\/7329"}],"collection":[{"href":"https:\/\/www.doppelklicker.de\/blog\/wp-json\/wp\/v2\/posts"}],"about":[{"href":"https:\/\/www.doppelklicker.de\/blog\/wp-json\/wp\/v2\/types\/post"}],"author":[{"embeddable":true,"href":"https:\/\/www.doppelklicker.de\/blog\/wp-json\/wp\/v2\/users\/8"}],"replies":[{"embeddable":true,"href":"https:\/\/www.doppelklicker.de\/blog\/wp-json\/wp\/v2\/comments?post=7329"}],"version-history":[{"count":0,"href":"https:\/\/www.doppelklicker.de\/blog\/wp-json\/wp\/v2\/posts\/7329\/revisions"}],"wp:featuredmedia":[{"embeddable":true,"href":"https:\/\/www.doppelklicker.de\/blog\/wp-json\/wp\/v2\/media\/7332"}],"wp:attachment":[{"href":"https:\/\/www.doppelklicker.de\/blog\/wp-json\/wp\/v2\/media?parent=7329"}],"wp:term":[{"taxonomy":"category","embeddable":true,"href":"https:\/\/www.doppelklicker.de\/blog\/wp-json\/wp\/v2\/categories?post=7329"},{"taxonomy":"post_tag","embeddable":true,"href":"https:\/\/www.doppelklicker.de\/blog\/wp-json\/wp\/v2\/tags?post=7329"}],"curies":[{"name":"wp","href":"https:\/\/api.w.org\/{rel}","templated":true}]}}