{"id":7345,"date":"2024-03-12T12:00:00","date_gmt":"2024-03-12T10:00:00","guid":{"rendered":"guid"},"modified":"2024-03-12T12:00:00","modified_gmt":"2024-03-12T10:00:00","slug":"individuelle-farbgebung-von-regalsystemen-harmonisches-gesamtbild","status":"publish","type":"post","link":"https:\/\/www.doppelklicker.de\/blog\/individuelle-farbgebung-von-regalsystemen-harmonisches-gesamtbild\/","title":{"rendered":"Praktische Anwendungsm\u00f6glichkeiten: Farbige Regale von OHRA bei van Deuveren"},"content":{"rendered":"<p>Der Bau des neuen Firmensitzes des niederl\u00e4ndischen Holzhandelsunternehmens van Deuveren wurde durch die Wahl von OHRA Regalsystemen gepr\u00e4gt. Neben den technischen Eigenschaften spielte vor allem die M\u00f6glichkeit einer individuellen Farbgebung der Regale eine wichtige Rolle. Durch die harmonische Farbgestaltung entsteht eine Einheit zwischen den Geb\u00e4udefassaden und den Innen- sowie Au\u00dfenregalen, die die Modernit\u00e4t und Qualit\u00e4t des Unternehmens widerspiegelt.<br \/>\n<!--more--><\/p>\n<h2>Van Deuveren verlegt seinen Firmensitz aufgrund logistischer Herausforderungen<\/h2>\n<p>Der niederl\u00e4ndische Holzhandelsunternehmen van Deuveren hat aufgrund von begrenzten Lagerkapazit\u00e4ten und schwierigen Zufahrtsm\u00f6glichkeiten am bisherigen Standort die Entscheidung getroffen, an einen neuen Firmensitz in Dedemsvaart umzuziehen. Van Deuveren ist seit 25 Jahren f\u00fchrend in der Region Overijssel und hat sich einen guten Ruf als Distributor von Holzwaren aufgebaut.<\/p>\n<p>Das Regalsystem von OHRA hat sich bereits in der Praxis bei van Deuveren bew\u00e4hrt. Durch den Einsatz von vollwandigen, warmgewalzten IPE-Stahlprofilen sind die Regalst\u00e4nder und Kragarme \u00e4u\u00dferst stabil und bieten auch bei hoher Belastung Sicherheit f\u00fcr Personal und Kunden. Die M\u00f6glichkeit, die Regale individuell nach den W\u00fcnschen des Kunden anzupassen, sowohl in Bezug auf Abmessungen und Traglasten als auch auf die Farbgestaltung, macht das System flexibel und vielseitig einsetzbar.<\/p>\n<p>Die Farbgebung der Regale im Au\u00dfenbereich in einem anthrazitfarbenen Ton wurde bewusst gew\u00e4hlt, um eine visuelle Einheit mit der Fassade der Hallen zu schaffen. Dies verleiht dem Firmensitz eine moderne und professionelle Ausstrahlung. Gleichzeitig sorgt die Lackierung f\u00fcr eine verbesserte Wetterbest\u00e4ndigkeit und sch\u00fctzt die Regale vor Rost und Korrosion. Durch diese gestalterische Entscheidung wird das Unternehmen auch optisch als qualit\u00e4tsbewusst und innovativ wahrgenommen.<\/p>\n<p>Mit OHRA k\u00f6nnen Unternehmen ihre Regale in verschiedenen Farben gestalten lassen. Die Farbauswahl umfasst RAL 5015, 2002, 3000, 6011 und 7035, wobei auch andere Farbt\u00f6ne als Option verf\u00fcgbar sind. Die Farben werden mittels einer hochwertigen Pulverbeschichtung aufgebracht, die das Material sch\u00fctzt und eine l\u00e4ngere Lebensdauer bietet im Vergleich zu Nasslackierung. Die individuelle Farbgebung erm\u00f6glicht es Unternehmen, ihr Corporate Design zu integrieren und ein harmonisches Gesamtbild f\u00fcr Kunden und Besucher zu schaffen. Dar\u00fcber hinaus k\u00f6nnen verschiedene Farben auch praktische Funktionen erf\u00fcllen, wie die Kennzeichnung von Regalen mit unterschiedlicher Tragf\u00e4higkeit oder als Wegweiser f\u00fcr die Logistik.<\/p>\n<p>Die individuelle Farbgebung der Regalsysteme von OHRA bietet Unternehmen wie van Deuveren zahlreiche Vorteile. Neben dem \u00e4sthetischen Aspekt, der ein harmonisches Gesamtbild erm\u00f6glicht, profitieren sie auch von der Stabilit\u00e4t und Sicherheit der Regale. Die Regalst\u00e4nder und Kragarme werden aus vollwandigen, warmgewalzten IPE-Stahlprofilen hergestellt, was eine dauerhafte Stabilit\u00e4t auch bei voller Auslastung gew\u00e4hrleistet und somit ein hohes Ma\u00df an Sicherheit f\u00fcr Personal und Kunden bietet. Dar\u00fcber hinaus k\u00f6nnen die Regale individuell nach den Bed\u00fcrfnissen des Kunden hergestellt werden, sowohl in Bezug auf Dimensionierung und Traglasten als auch auf die Farbe. Die Entscheidung f\u00fcr die Regalsysteme von OHRA hat sich f\u00fcr van Deuveren als erfolgreich erwiesen und tr\u00e4gt zur Effizienz und Qualit\u00e4t des Unternehmens bei.<\/p>\n","protected":false},"excerpt":{"rendered":"<p>Der Bau des neuen Firmensitzes des niederl\u00e4ndischen Holzhandelsunternehmens van Deuveren wurde durch die Wahl von OHRA Regalsystemen gepr\u00e4gt. Neben den technischen Eigenschaften spielte vor allem die M\u00f6glichkeit einer individuellen Farbgebung der Regale eine wichtige Rolle. Durch die harmonische Farbgestaltung entsteht eine Einheit zwischen den Geb\u00e4udefassaden und den Innen- sowie Au\u00dfenregalen, die die Modernit\u00e4t und Qualit\u00e4t<\/p>\n<div class=\"read-more\"><a href=\"https:\/\/www.doppelklicker.de\/blog\/individuelle-farbgebung-von-regalsystemen-harmonisches-gesamtbild\/\" title=\"Jetzt alles lesen\">Jetzt alles lesen<\/a><\/div>\n","protected":false},"author":8,"featured_media":7346,"comment_status":"open","ping_status":"open","sticky":false,"template":"","format":"standard","meta":[],"categories":[3305],"tags":[],"yoast_head":"<!-- This site is optimized with the Yoast SEO plugin v18.2 - https:\/\/yoast.com\/wordpress\/plugins\/seo\/ -->\n<meta name=\"robots\" content=\"index, follow, max-snippet:-1, max-image-preview:large, max-video-preview:-1\" \/>\n<link rel=\"canonical\" href=\"https:\/\/www.doppelklicker.de\/blog\/individuelle-farbgebung-von-regalsystemen-harmonisches-gesamtbild\/\" \/>\n<meta property=\"og:locale\" content=\"de_DE\" \/>\n<meta property=\"og:type\" content=\"article\" \/>\n<meta property=\"og:title\" content=\"Praktische Anwendungsm\u00f6glichkeiten: Farbige Regale von OHRA bei van Deuveren\" \/>\n<meta property=\"og:description\" content=\"Der Bau des neuen Firmensitzes des niederl\u00e4ndischen Holzhandelsunternehmens van Deuveren wurde durch die Wahl von OHRA Regalsystemen gepr\u00e4gt. Neben den technischen Eigenschaften spielte vor allem die M\u00f6glichkeit einer individuellen Farbgebung der Regale eine wichtige Rolle. Durch die harmonische Farbgestaltung entsteht eine Einheit zwischen den Geb\u00e4udefassaden und den Innen- sowie Au\u00dfenregalen, die die Modernit\u00e4t und Qualit\u00e4tJetzt alles lesen\" \/>\n<meta property=\"og:url\" content=\"https:\/\/www.doppelklicker.de\/blog\/individuelle-farbgebung-von-regalsystemen-harmonisches-gesamtbild\/\" \/>\n<meta property=\"og:site_name\" content=\"Aus Mainz.\" \/>\n<meta property=\"article:published_time\" content=\"2024-03-12T10:00:00+00:00\" \/>\n<meta property=\"og:image\" content=\"https:\/\/www.doppelklicker.de\/blog\/wp-content\/uploads\/2024\/02\/van-deuveren-waehlt-ohra-regalsysteme-individueller-farbgebung-neuen-19287.jpg\" \/>\n\t<meta property=\"og:image:width\" content=\"1280\" \/>\n\t<meta property=\"og:image:height\" content=\"615\" \/>\n\t<meta property=\"og:image:type\" content=\"image\/jpeg\" \/>\n<meta name=\"twitter:card\" content=\"summary_large_image\" \/>\n<meta name=\"twitter:label1\" content=\"Verfasst von\" \/>\n\t<meta name=\"twitter:data1\" content=\"Iris Martin\" \/>\n\t<meta name=\"twitter:label2\" content=\"Gesch\u00e4tzte Lesezeit\" \/>\n\t<meta name=\"twitter:data2\" content=\"2 Minuten\" \/>\n<script type=\"application\/ld+json\" class=\"yoast-schema-graph\">{\"@context\":\"https:\/\/schema.org\",\"@graph\":[{\"@type\":\"WebSite\",\"@id\":\"https:\/\/www.doppelklicker.de\/blog\/#website\",\"url\":\"https:\/\/www.doppelklicker.de\/blog\/\",\"name\":\"Aus Mainz.\",\"description\":\"F\u00fcr die Welt.\",\"potentialAction\":[{\"@type\":\"SearchAction\",\"target\":{\"@type\":\"EntryPoint\",\"urlTemplate\":\"https:\/\/www.doppelklicker.de\/blog\/?s={search_term_string}\"},\"query-input\":\"required name=search_term_string\"}],\"inLanguage\":\"de-DE\"},{\"@type\":\"ImageObject\",\"@id\":\"https:\/\/www.doppelklicker.de\/blog\/individuelle-farbgebung-von-regalsystemen-harmonisches-gesamtbild\/#primaryimage\",\"inLanguage\":\"de-DE\",\"url\":\"https:\/\/www.doppelklicker.de\/blog\/wp-content\/uploads\/2024\/02\/van-deuveren-waehlt-ohra-regalsysteme-individueller-farbgebung-neuen-19287.jpg\",\"contentUrl\":\"https:\/\/www.doppelklicker.de\/blog\/wp-content\/uploads\/2024\/02\/van-deuveren-waehlt-ohra-regalsysteme-individueller-farbgebung-neuen-19287.jpg\",\"width\":1280,\"height\":615,\"caption\":\"Praktische Anwendungsm\u00f6glichkeiten: Farbige Regale von OHRA bei van Deuveren (Foto: OHRA)\"},{\"@type\":\"WebPage\",\"@id\":\"https:\/\/www.doppelklicker.de\/blog\/individuelle-farbgebung-von-regalsystemen-harmonisches-gesamtbild\/#webpage\",\"url\":\"https:\/\/www.doppelklicker.de\/blog\/individuelle-farbgebung-von-regalsystemen-harmonisches-gesamtbild\/\",\"name\":\"Praktische Anwendungsm\u00f6glichkeiten: Farbige Regale von OHRA bei van Deuveren\",\"isPartOf\":{\"@id\":\"https:\/\/www.doppelklicker.de\/blog\/#website\"},\"primaryImageOfPage\":{\"@id\":\"https:\/\/www.doppelklicker.de\/blog\/individuelle-farbgebung-von-regalsystemen-harmonisches-gesamtbild\/#primaryimage\"},\"datePublished\":\"2024-03-12T10:00:00+00:00\",\"dateModified\":\"2024-03-12T10:00:00+00:00\",\"author\":{\"@id\":\"https:\/\/www.doppelklicker.de\/blog\/#\/schema\/person\/08dcac172bdb025e8ff433488184668a\"},\"breadcrumb\":{\"@id\":\"https:\/\/www.doppelklicker.de\/blog\/individuelle-farbgebung-von-regalsystemen-harmonisches-gesamtbild\/#breadcrumb\"},\"inLanguage\":\"de-DE\",\"potentialAction\":[{\"@type\":\"ReadAction\",\"target\":[\"https:\/\/www.doppelklicker.de\/blog\/individuelle-farbgebung-von-regalsystemen-harmonisches-gesamtbild\/\"]}]},{\"@type\":\"BreadcrumbList\",\"@id\":\"https:\/\/www.doppelklicker.de\/blog\/individuelle-farbgebung-von-regalsystemen-harmonisches-gesamtbild\/#breadcrumb\",\"itemListElement\":[{\"@type\":\"ListItem\",\"position\":1,\"name\":\"Startseite\",\"item\":\"https:\/\/www.doppelklicker.de\/blog\/\"},{\"@type\":\"ListItem\",\"position\":2,\"name\":\"Praktische Anwendungsm\u00f6glichkeiten: Farbige Regale von OHRA bei van Deuveren\"}]},{\"@type\":\"Person\",\"@id\":\"https:\/\/www.doppelklicker.de\/blog\/#\/schema\/person\/08dcac172bdb025e8ff433488184668a\",\"name\":\"Iris Martin\",\"image\":{\"@type\":\"ImageObject\",\"@id\":\"https:\/\/www.doppelklicker.de\/blog\/#personlogo\",\"inLanguage\":\"de-DE\",\"url\":\"https:\/\/secure.gravatar.com\/avatar\/82fdaa093be0b9686b531f99fcb54d15?s=96&d=wp_user_avatar&r=g\",\"contentUrl\":\"https:\/\/secure.gravatar.com\/avatar\/82fdaa093be0b9686b531f99fcb54d15?s=96&d=wp_user_avatar&r=g\",\"caption\":\"Iris Martin\"},\"url\":\"https:\/\/www.doppelklicker.de\/blog\/author\/iris-martin\/\"}]}<\/script>\n<!-- \/ Yoast SEO plugin. -->","yoast_head_json":{"robots":{"index":"index","follow":"follow","max-snippet":"max-snippet:-1","max-image-preview":"max-image-preview:large","max-video-preview":"max-video-preview:-1"},"canonical":"https:\/\/www.doppelklicker.de\/blog\/individuelle-farbgebung-von-regalsystemen-harmonisches-gesamtbild\/","og_locale":"de_DE","og_type":"article","og_title":"Praktische Anwendungsm\u00f6glichkeiten: Farbige Regale von OHRA bei van Deuveren","og_description":"Der Bau des neuen Firmensitzes des niederl\u00e4ndischen Holzhandelsunternehmens van Deuveren wurde durch die Wahl von OHRA Regalsystemen gepr\u00e4gt. Neben den technischen Eigenschaften spielte vor allem die M\u00f6glichkeit einer individuellen Farbgebung der Regale eine wichtige Rolle. Durch die harmonische Farbgestaltung entsteht eine Einheit zwischen den Geb\u00e4udefassaden und den Innen- sowie Au\u00dfenregalen, die die Modernit\u00e4t und Qualit\u00e4tJetzt alles lesen","og_url":"https:\/\/www.doppelklicker.de\/blog\/individuelle-farbgebung-von-regalsystemen-harmonisches-gesamtbild\/","og_site_name":"Aus Mainz.","article_published_time":"2024-03-12T10:00:00+00:00","og_image":[{"width":1280,"height":615,"url":"https:\/\/www.doppelklicker.de\/blog\/wp-content\/uploads\/2024\/02\/van-deuveren-waehlt-ohra-regalsysteme-individueller-farbgebung-neuen-19287.jpg","type":"image\/jpeg"}],"twitter_card":"summary_large_image","twitter_misc":{"Verfasst von":"Iris Martin","Gesch\u00e4tzte Lesezeit":"2 Minuten"},"schema":{"@context":"https:\/\/schema.org","@graph":[{"@type":"WebSite","@id":"https:\/\/www.doppelklicker.de\/blog\/#website","url":"https:\/\/www.doppelklicker.de\/blog\/","name":"Aus Mainz.","description":"F\u00fcr die Welt.","potentialAction":[{"@type":"SearchAction","target":{"@type":"EntryPoint","urlTemplate":"https:\/\/www.doppelklicker.de\/blog\/?s={search_term_string}"},"query-input":"required name=search_term_string"}],"inLanguage":"de-DE"},{"@type":"ImageObject","@id":"https:\/\/www.doppelklicker.de\/blog\/individuelle-farbgebung-von-regalsystemen-harmonisches-gesamtbild\/#primaryimage","inLanguage":"de-DE","url":"https:\/\/www.doppelklicker.de\/blog\/wp-content\/uploads\/2024\/02\/van-deuveren-waehlt-ohra-regalsysteme-individueller-farbgebung-neuen-19287.jpg","contentUrl":"https:\/\/www.doppelklicker.de\/blog\/wp-content\/uploads\/2024\/02\/van-deuveren-waehlt-ohra-regalsysteme-individueller-farbgebung-neuen-19287.jpg","width":1280,"height":615,"caption":"Praktische Anwendungsm\u00f6glichkeiten: Farbige Regale von OHRA bei van Deuveren (Foto: OHRA)"},{"@type":"WebPage","@id":"https:\/\/www.doppelklicker.de\/blog\/individuelle-farbgebung-von-regalsystemen-harmonisches-gesamtbild\/#webpage","url":"https:\/\/www.doppelklicker.de\/blog\/individuelle-farbgebung-von-regalsystemen-harmonisches-gesamtbild\/","name":"Praktische Anwendungsm\u00f6glichkeiten: Farbige Regale von OHRA bei van Deuveren","isPartOf":{"@id":"https:\/\/www.doppelklicker.de\/blog\/#website"},"primaryImageOfPage":{"@id":"https:\/\/www.doppelklicker.de\/blog\/individuelle-farbgebung-von-regalsystemen-harmonisches-gesamtbild\/#primaryimage"},"datePublished":"2024-03-12T10:00:00+00:00","dateModified":"2024-03-12T10:00:00+00:00","author":{"@id":"https:\/\/www.doppelklicker.de\/blog\/#\/schema\/person\/08dcac172bdb025e8ff433488184668a"},"breadcrumb":{"@id":"https:\/\/www.doppelklicker.de\/blog\/individuelle-farbgebung-von-regalsystemen-harmonisches-gesamtbild\/#breadcrumb"},"inLanguage":"de-DE","potentialAction":[{"@type":"ReadAction","target":["https:\/\/www.doppelklicker.de\/blog\/individuelle-farbgebung-von-regalsystemen-harmonisches-gesamtbild\/"]}]},{"@type":"BreadcrumbList","@id":"https:\/\/www.doppelklicker.de\/blog\/individuelle-farbgebung-von-regalsystemen-harmonisches-gesamtbild\/#breadcrumb","itemListElement":[{"@type":"ListItem","position":1,"name":"Startseite","item":"https:\/\/www.doppelklicker.de\/blog\/"},{"@type":"ListItem","position":2,"name":"Praktische Anwendungsm\u00f6glichkeiten: Farbige Regale von OHRA bei van Deuveren"}]},{"@type":"Person","@id":"https:\/\/www.doppelklicker.de\/blog\/#\/schema\/person\/08dcac172bdb025e8ff433488184668a","name":"Iris Martin","image":{"@type":"ImageObject","@id":"https:\/\/www.doppelklicker.de\/blog\/#personlogo","inLanguage":"de-DE","url":"https:\/\/secure.gravatar.com\/avatar\/82fdaa093be0b9686b531f99fcb54d15?s=96&d=wp_user_avatar&r=g","contentUrl":"https:\/\/secure.gravatar.com\/avatar\/82fdaa093be0b9686b531f99fcb54d15?s=96&d=wp_user_avatar&r=g","caption":"Iris Martin"},"url":"https:\/\/www.doppelklicker.de\/blog\/author\/iris-martin\/"}]}},"_links":{"self":[{"href":"https:\/\/www.doppelklicker.de\/blog\/wp-json\/wp\/v2\/posts\/7345"}],"collection":[{"href":"https:\/\/www.doppelklicker.de\/blog\/wp-json\/wp\/v2\/posts"}],"about":[{"href":"https:\/\/www.doppelklicker.de\/blog\/wp-json\/wp\/v2\/types\/post"}],"author":[{"embeddable":true,"href":"https:\/\/www.doppelklicker.de\/blog\/wp-json\/wp\/v2\/users\/8"}],"replies":[{"embeddable":true,"href":"https:\/\/www.doppelklicker.de\/blog\/wp-json\/wp\/v2\/comments?post=7345"}],"version-history":[{"count":0,"href":"https:\/\/www.doppelklicker.de\/blog\/wp-json\/wp\/v2\/posts\/7345\/revisions"}],"wp:featuredmedia":[{"embeddable":true,"href":"https:\/\/www.doppelklicker.de\/blog\/wp-json\/wp\/v2\/media\/7346"}],"wp:attachment":[{"href":"https:\/\/www.doppelklicker.de\/blog\/wp-json\/wp\/v2\/media?parent=7345"}],"wp:term":[{"taxonomy":"category","embeddable":true,"href":"https:\/\/www.doppelklicker.de\/blog\/wp-json\/wp\/v2\/categories?post=7345"},{"taxonomy":"post_tag","embeddable":true,"href":"https:\/\/www.doppelklicker.de\/blog\/wp-json\/wp\/v2\/tags?post=7345"}],"curies":[{"name":"wp","href":"https:\/\/api.w.org\/{rel}","templated":true}]}}