{"id":7377,"date":"2024-03-14T11:00:00","date_gmt":"2024-03-14T09:00:00","guid":{"rendered":"guid"},"modified":"2024-03-14T11:00:00","modified_gmt":"2024-03-14T09:00:00","slug":"debeka-eroeffnet-erweiterungsbau-unternehmenszentrale-in-koblenz","status":"publish","type":"post","link":"https:\/\/www.doppelklicker.de\/blog\/debeka-eroeffnet-erweiterungsbau-unternehmenszentrale-in-koblenz\/","title":{"rendered":"Debeka-Neubau vereint Alt und Neu und spart Energie"},"content":{"rendered":"<p>Die Debeka, einer der gr\u00f6\u00dften Versicherer in Deutschland, hat k\u00fcrzlich den Erweiterungsbau ihrer Unternehmenszentrale in Koblenz er\u00f6ffnet. Mit dem neuen Geb\u00e4ude wird das Unternehmen n\u00e4her zusammenr\u00fccken und nicht nur das Gemeinschaftsgef\u00fchl st\u00e4rken, sondern auch die organisatorischen Abl\u00e4ufe vereinfachen. Die moderne Arbeitsumgebung bietet Platz f\u00fcr 1.350 Arbeitspl\u00e4tze und soll Fachkr\u00e4fte anziehen und langfristig binden.<br \/>\n<!--more--><\/p>\n<div id=\"ez-toc-container\" class=\"ez-toc-v2_0_16 counter-hierarchy\">\n<div class=\"ez-toc-title-container\">\n<p class=\"ez-toc-title\">Inhaltsverzeichnis: Das erwartet Sie in diesem Artikel<\/p>\n<span class=\"ez-toc-title-toggle\"><a class=\"ez-toc-pull-right ez-toc-btn ez-toc-btn-xs ez-toc-btn-default ez-toc-toggle\" style=\"display: none;\"><i class=\"ez-toc-glyphicon ez-toc-icon-toggle\"><\/i><\/a><\/span><\/div>\n<nav><ul class=\"ez-toc-list ez-toc-list-level-1\"><li class=\"ez-toc-page-1 ez-toc-heading-level-2\"><a class=\"ez-toc-link ez-toc-heading-1\" href=\"https:\/\/www.doppelklicker.de\/blog\/debeka-eroeffnet-erweiterungsbau-unternehmenszentrale-in-koblenz\/#flexible-arbeitsmodelle-debeka-setzt-auf-mobiles-arbeiten-und-desksharing\" title=\"Flexible Arbeitsmodelle: Debeka setzt auf mobiles Arbeiten und Desksharing\">Flexible Arbeitsmodelle: Debeka setzt auf mobiles Arbeiten und Desksharing<\/a><\/li><li class=\"ez-toc-page-1 ez-toc-heading-level-2\"><a class=\"ez-toc-link ez-toc-heading-2\" href=\"https:\/\/www.doppelklicker.de\/blog\/debeka-eroeffnet-erweiterungsbau-unternehmenszentrale-in-koblenz\/#koblenz-staerkt-wirtschaftsstandort-debeka-eroeffnet-erweiterungsbau\" title=\"Koblenz st\u00e4rkt Wirtschaftsstandort: Debeka er\u00f6ffnet Erweiterungsbau\">Koblenz st\u00e4rkt Wirtschaftsstandort: Debeka er\u00f6ffnet Erweiterungsbau<\/a><\/li><li class=\"ez-toc-page-1 ez-toc-heading-level-2\"><a class=\"ez-toc-link ez-toc-heading-3\" href=\"https:\/\/www.doppelklicker.de\/blog\/debeka-eroeffnet-erweiterungsbau-unternehmenszentrale-in-koblenz\/#betriebskosten-senken-mit-energieeffizientem-neubau-debeka-geht-voraus\" title=\"Betriebskosten senken mit energieeffizientem Neubau: Debeka geht voraus\">Betriebskosten senken mit energieeffizientem Neubau: Debeka geht voraus<\/a><\/li><li class=\"ez-toc-page-1 ez-toc-heading-level-2\"><a class=\"ez-toc-link ez-toc-heading-4\" href=\"https:\/\/www.doppelklicker.de\/blog\/debeka-eroeffnet-erweiterungsbau-unternehmenszentrale-in-koblenz\/#kinderbetreuung-im-erdgeschoss-des-debeka-neubaus\" title=\"Kinderbetreuung im Erdgeschoss des Debeka-Neubaus\">Kinderbetreuung im Erdgeschoss des Debeka-Neubaus<\/a><\/li><li class=\"ez-toc-page-1 ez-toc-heading-level-2\"><a class=\"ez-toc-link ez-toc-heading-5\" href=\"https:\/\/www.doppelklicker.de\/blog\/debeka-eroeffnet-erweiterungsbau-unternehmenszentrale-in-koblenz\/#erweiterungsbau-der-debeka-gewinn-fuer-koblenz-und-die-region\" title=\"Erweiterungsbau der Debeka: Gewinn f\u00fcr Koblenz und die Region\">Erweiterungsbau der Debeka: Gewinn f\u00fcr Koblenz und die Region<\/a><\/li><\/ul><\/nav><\/div>\n<h2><span class=\"ez-toc-section\" id=\"flexible-arbeitsmodelle-debeka-setzt-auf-mobiles-arbeiten-und-desksharing\"><\/span>Flexible Arbeitsmodelle: Debeka setzt auf mobiles Arbeiten und Desksharing<span class=\"ez-toc-section-end\"><\/span><\/h2>\n<p>Durch den Bezug des neuen Geb\u00e4udes in Koblenz hat die Debeka ihre bisher auf 15 Standorte verteilten 4.700 Mitarbeiter an einem zentralen Ort zusammengef\u00fchrt. Mit der Einf\u00fchrung von Desksharing k\u00f6nnen mehrere Mitarbeiter einen Arbeitsplatz nutzen, da viele von ihnen mobil arbeiten. Trotzdem wird im B\u00fcro der Debeka eine moderne Arbeitsplatzgestaltung angestrebt, um eine gemeinsame Arbeitsatmosph\u00e4re zu schaffen. Der Neubau bietet eine neue B\u00fcrolandschaft mit Sonderzonen und auch F\u00fchrungskr\u00e4fte haben teilweise keinen festen Arbeitsplatz mehr. Dies soll starre B\u00fcrostrukturen aufl\u00f6sen und ein auf Aktivit\u00e4ten basiertes Arbeitsumfeld f\u00f6rdern.<\/p>\n<h2><span class=\"ez-toc-section\" id=\"koblenz-staerkt-wirtschaftsstandort-debeka-eroeffnet-erweiterungsbau\"><\/span>Koblenz st\u00e4rkt Wirtschaftsstandort: Debeka er\u00f6ffnet Erweiterungsbau<span class=\"ez-toc-section-end\"><\/span><\/h2>\n<p>Die Debeka hat ihre Unternehmenszentrale in Koblenz um einen Erweiterungsbau erg\u00e4nzt, der nun offiziell er\u00f6ffnet wurde. Bei der Einweihungsfeier waren bedeutende Pers\u00f6nlichkeiten wie die rheinland-pf\u00e4lzische Ministerpr\u00e4sidentin und der Oberb\u00fcrgermeister von Koblenz anwesend. Die Debeka bekr\u00e4ftigt mit dieser Erweiterung ihr langj\u00e4hriges Engagement f\u00fcr die Stadt und zeigt die Attraktivit\u00e4t von Rheinland-Pfalz als wirtschaftlicher Standort.<\/p>\n<h2><span class=\"ez-toc-section\" id=\"betriebskosten-senken-mit-energieeffizientem-neubau-debeka-geht-voraus\"><\/span>Betriebskosten senken mit energieeffizientem Neubau: Debeka geht voraus<span class=\"ez-toc-section-end\"><\/span><\/h2>\n<p>Der Erweiterungsbau der Debeka-Hauptverwaltung in Koblenz beeindruckt mit seiner markanten Z-Form, die das harmonische Zusammenwirken von Tradition und Innovation verdeutlicht. Als Teil des Debeka-Campus schafft das Geb\u00e4ude eine moderne Arbeitsumgebung, in der Mitarbeiter gemeinsam arbeiten und sich wohlf\u00fchlen k\u00f6nnen. Durch die energieeffiziente Bauweise und den Einsatz von energiesparender Technologie werden die Betriebskosten gesenkt. Die Integration des Neubaus in das st\u00e4dtebauliche Umfeld und die Schaffung von Gr\u00fcnfl\u00e4chen tragen zur Attraktivit\u00e4t des Standorts bei.<\/p>\n<h2><span class=\"ez-toc-section\" id=\"kinderbetreuung-im-erdgeschoss-des-debeka-neubaus\"><\/span>Kinderbetreuung im Erdgeschoss des Debeka-Neubaus<span class=\"ez-toc-section-end\"><\/span><\/h2>\n<p>Eine Kita, betrieben von der DRK Mittelrhein GmbH, ist im Debeka-Neubau im Erdgeschoss untergebracht. Die Einrichtung bietet Platz f\u00fcr bis zu 36 Kinder im Alter von einem Jahr bis zum Grundschuleintritt. Die Debeka tr\u00e4gt mit dieser Kita dazu bei, dass ihre Mitarbeiter ihre Kinder in unmittelbarer N\u00e4he des Arbeitsplatzes betreuen lassen k\u00f6nnen, was die Vereinbarkeit von Beruf und Familie erleichtert.<\/p>\n<h2><span class=\"ez-toc-section\" id=\"erweiterungsbau-der-debeka-gewinn-fuer-koblenz-und-die-region\"><\/span>Erweiterungsbau der Debeka: Gewinn f\u00fcr Koblenz und die Region<span class=\"ez-toc-section-end\"><\/span><\/h2>\n<p>Seit mehr als einem Jahrhundert ist die Debeka ein wichtiger Teil der Koblenzer Wirtschaft und hat mit dem Erweiterungsbau ihrer Unternehmenszentrale ein starkes Bekenntnis zum Standort abgegeben. Dies unterstreicht nicht nur die Verbundenheit mit der Stadt, sondern betont auch die Attraktivit\u00e4t von Rheinland-Pfalz als Wirtschaftsstandort. Der Debeka-Campus vereint Tradition und Moderne und schafft eine inspirierende Arbeitsumgebung f\u00fcr die Mitarbeiter. Der Erweiterungsbau ist ein gro\u00dfer Erfolg f\u00fcr die Debeka, Koblenz und die gesamte Region.<\/p>\n","protected":false},"excerpt":{"rendered":"<p>Die Debeka, einer der gr\u00f6\u00dften Versicherer in Deutschland, hat k\u00fcrzlich den Erweiterungsbau ihrer Unternehmenszentrale in Koblenz er\u00f6ffnet. Mit dem neuen Geb\u00e4ude wird das Unternehmen n\u00e4her zusammenr\u00fccken und nicht nur das Gemeinschaftsgef\u00fchl st\u00e4rken, sondern auch die organisatorischen Abl\u00e4ufe vereinfachen. Die moderne Arbeitsumgebung bietet Platz f\u00fcr 1.350 Arbeitspl\u00e4tze und soll Fachkr\u00e4fte anziehen und langfristig binden.<\/p>\n","protected":false},"author":8,"featured_media":7378,"comment_status":"open","ping_status":"open","sticky":false,"template":"","format":"standard","meta":[],"categories":[3305],"tags":[],"yoast_head":"<!-- This site is optimized with the Yoast SEO plugin v18.2 - https:\/\/yoast.com\/wordpress\/plugins\/seo\/ -->\n<meta name=\"robots\" content=\"index, follow, max-snippet:-1, max-image-preview:large, max-video-preview:-1\" \/>\n<link rel=\"canonical\" href=\"https:\/\/www.doppelklicker.de\/blog\/debeka-eroeffnet-erweiterungsbau-unternehmenszentrale-in-koblenz\/\" \/>\n<meta property=\"og:locale\" content=\"de_DE\" \/>\n<meta property=\"og:type\" content=\"article\" \/>\n<meta property=\"og:title\" content=\"Debeka-Neubau vereint Alt und Neu und spart Energie\" \/>\n<meta property=\"og:description\" content=\"Die Debeka, einer der gr\u00f6\u00dften Versicherer in Deutschland, hat k\u00fcrzlich den Erweiterungsbau ihrer Unternehmenszentrale in Koblenz er\u00f6ffnet. Mit dem neuen Geb\u00e4ude wird das Unternehmen n\u00e4her zusammenr\u00fccken und nicht nur das Gemeinschaftsgef\u00fchl st\u00e4rken, sondern auch die organisatorischen Abl\u00e4ufe vereinfachen. Die moderne Arbeitsumgebung bietet Platz f\u00fcr 1.350 Arbeitspl\u00e4tze und soll Fachkr\u00e4fte anziehen und langfristig binden.\" \/>\n<meta property=\"og:url\" content=\"https:\/\/www.doppelklicker.de\/blog\/debeka-eroeffnet-erweiterungsbau-unternehmenszentrale-in-koblenz\/\" \/>\n<meta property=\"og:site_name\" content=\"Aus Mainz.\" \/>\n<meta property=\"article:published_time\" content=\"2024-03-14T09:00:00+00:00\" \/>\n<meta property=\"og:image\" content=\"https:\/\/www.doppelklicker.de\/blog\/wp-content\/uploads\/2024\/03\/debeka-eroeffnet-neuen-erweiterungsbau-und-staerkt-19505.jpg\" \/>\n\t<meta property=\"og:image:width\" content=\"1280\" \/>\n\t<meta property=\"og:image:height\" content=\"615\" \/>\n\t<meta property=\"og:image:type\" content=\"image\/jpeg\" \/>\n<meta name=\"twitter:card\" content=\"summary_large_image\" \/>\n<meta name=\"twitter:label1\" content=\"Verfasst von\" \/>\n\t<meta name=\"twitter:data1\" content=\"Iris Martin\" \/>\n\t<meta name=\"twitter:label2\" content=\"Gesch\u00e4tzte Lesezeit\" \/>\n\t<meta name=\"twitter:data2\" content=\"2 Minuten\" \/>\n<script type=\"application\/ld+json\" class=\"yoast-schema-graph\">{\"@context\":\"https:\/\/schema.org\",\"@graph\":[{\"@type\":\"WebSite\",\"@id\":\"https:\/\/www.doppelklicker.de\/blog\/#website\",\"url\":\"https:\/\/www.doppelklicker.de\/blog\/\",\"name\":\"Aus Mainz.\",\"description\":\"F\u00fcr die Welt.\",\"potentialAction\":[{\"@type\":\"SearchAction\",\"target\":{\"@type\":\"EntryPoint\",\"urlTemplate\":\"https:\/\/www.doppelklicker.de\/blog\/?s={search_term_string}\"},\"query-input\":\"required name=search_term_string\"}],\"inLanguage\":\"de-DE\"},{\"@type\":\"ImageObject\",\"@id\":\"https:\/\/www.doppelklicker.de\/blog\/debeka-eroeffnet-erweiterungsbau-unternehmenszentrale-in-koblenz\/#primaryimage\",\"inLanguage\":\"de-DE\",\"url\":\"https:\/\/www.doppelklicker.de\/blog\/wp-content\/uploads\/2024\/03\/debeka-eroeffnet-neuen-erweiterungsbau-und-staerkt-19505.jpg\",\"contentUrl\":\"https:\/\/www.doppelklicker.de\/blog\/wp-content\/uploads\/2024\/03\/debeka-eroeffnet-neuen-erweiterungsbau-und-staerkt-19505.jpg\",\"width\":1280,\"height\":615,\"caption\":\"Debeka-Neubau vereint Alt und Neu und spart Energie (Foto: Debeka)\"},{\"@type\":\"WebPage\",\"@id\":\"https:\/\/www.doppelklicker.de\/blog\/debeka-eroeffnet-erweiterungsbau-unternehmenszentrale-in-koblenz\/#webpage\",\"url\":\"https:\/\/www.doppelklicker.de\/blog\/debeka-eroeffnet-erweiterungsbau-unternehmenszentrale-in-koblenz\/\",\"name\":\"Debeka-Neubau vereint Alt und Neu und spart Energie\",\"isPartOf\":{\"@id\":\"https:\/\/www.doppelklicker.de\/blog\/#website\"},\"primaryImageOfPage\":{\"@id\":\"https:\/\/www.doppelklicker.de\/blog\/debeka-eroeffnet-erweiterungsbau-unternehmenszentrale-in-koblenz\/#primaryimage\"},\"datePublished\":\"2024-03-14T09:00:00+00:00\",\"dateModified\":\"2024-03-14T09:00:00+00:00\",\"author\":{\"@id\":\"https:\/\/www.doppelklicker.de\/blog\/#\/schema\/person\/08dcac172bdb025e8ff433488184668a\"},\"breadcrumb\":{\"@id\":\"https:\/\/www.doppelklicker.de\/blog\/debeka-eroeffnet-erweiterungsbau-unternehmenszentrale-in-koblenz\/#breadcrumb\"},\"inLanguage\":\"de-DE\",\"potentialAction\":[{\"@type\":\"ReadAction\",\"target\":[\"https:\/\/www.doppelklicker.de\/blog\/debeka-eroeffnet-erweiterungsbau-unternehmenszentrale-in-koblenz\/\"]}]},{\"@type\":\"BreadcrumbList\",\"@id\":\"https:\/\/www.doppelklicker.de\/blog\/debeka-eroeffnet-erweiterungsbau-unternehmenszentrale-in-koblenz\/#breadcrumb\",\"itemListElement\":[{\"@type\":\"ListItem\",\"position\":1,\"name\":\"Startseite\",\"item\":\"https:\/\/www.doppelklicker.de\/blog\/\"},{\"@type\":\"ListItem\",\"position\":2,\"name\":\"Debeka-Neubau vereint Alt und Neu und spart Energie\"}]},{\"@type\":\"Person\",\"@id\":\"https:\/\/www.doppelklicker.de\/blog\/#\/schema\/person\/08dcac172bdb025e8ff433488184668a\",\"name\":\"Iris Martin\",\"image\":{\"@type\":\"ImageObject\",\"@id\":\"https:\/\/www.doppelklicker.de\/blog\/#personlogo\",\"inLanguage\":\"de-DE\",\"url\":\"https:\/\/secure.gravatar.com\/avatar\/82fdaa093be0b9686b531f99fcb54d15?s=96&d=wp_user_avatar&r=g\",\"contentUrl\":\"https:\/\/secure.gravatar.com\/avatar\/82fdaa093be0b9686b531f99fcb54d15?s=96&d=wp_user_avatar&r=g\",\"caption\":\"Iris Martin\"},\"url\":\"https:\/\/www.doppelklicker.de\/blog\/author\/iris-martin\/\"}]}<\/script>\n<!-- \/ Yoast SEO plugin. -->","yoast_head_json":{"robots":{"index":"index","follow":"follow","max-snippet":"max-snippet:-1","max-image-preview":"max-image-preview:large","max-video-preview":"max-video-preview:-1"},"canonical":"https:\/\/www.doppelklicker.de\/blog\/debeka-eroeffnet-erweiterungsbau-unternehmenszentrale-in-koblenz\/","og_locale":"de_DE","og_type":"article","og_title":"Debeka-Neubau vereint Alt und Neu und spart Energie","og_description":"Die Debeka, einer der gr\u00f6\u00dften Versicherer in Deutschland, hat k\u00fcrzlich den Erweiterungsbau ihrer Unternehmenszentrale in Koblenz er\u00f6ffnet. Mit dem neuen Geb\u00e4ude wird das Unternehmen n\u00e4her zusammenr\u00fccken und nicht nur das Gemeinschaftsgef\u00fchl st\u00e4rken, sondern auch die organisatorischen Abl\u00e4ufe vereinfachen. Die moderne Arbeitsumgebung bietet Platz f\u00fcr 1.350 Arbeitspl\u00e4tze und soll Fachkr\u00e4fte anziehen und langfristig binden.","og_url":"https:\/\/www.doppelklicker.de\/blog\/debeka-eroeffnet-erweiterungsbau-unternehmenszentrale-in-koblenz\/","og_site_name":"Aus Mainz.","article_published_time":"2024-03-14T09:00:00+00:00","og_image":[{"width":1280,"height":615,"url":"https:\/\/www.doppelklicker.de\/blog\/wp-content\/uploads\/2024\/03\/debeka-eroeffnet-neuen-erweiterungsbau-und-staerkt-19505.jpg","type":"image\/jpeg"}],"twitter_card":"summary_large_image","twitter_misc":{"Verfasst von":"Iris Martin","Gesch\u00e4tzte Lesezeit":"2 Minuten"},"schema":{"@context":"https:\/\/schema.org","@graph":[{"@type":"WebSite","@id":"https:\/\/www.doppelklicker.de\/blog\/#website","url":"https:\/\/www.doppelklicker.de\/blog\/","name":"Aus Mainz.","description":"F\u00fcr die Welt.","potentialAction":[{"@type":"SearchAction","target":{"@type":"EntryPoint","urlTemplate":"https:\/\/www.doppelklicker.de\/blog\/?s={search_term_string}"},"query-input":"required name=search_term_string"}],"inLanguage":"de-DE"},{"@type":"ImageObject","@id":"https:\/\/www.doppelklicker.de\/blog\/debeka-eroeffnet-erweiterungsbau-unternehmenszentrale-in-koblenz\/#primaryimage","inLanguage":"de-DE","url":"https:\/\/www.doppelklicker.de\/blog\/wp-content\/uploads\/2024\/03\/debeka-eroeffnet-neuen-erweiterungsbau-und-staerkt-19505.jpg","contentUrl":"https:\/\/www.doppelklicker.de\/blog\/wp-content\/uploads\/2024\/03\/debeka-eroeffnet-neuen-erweiterungsbau-und-staerkt-19505.jpg","width":1280,"height":615,"caption":"Debeka-Neubau vereint Alt und Neu und spart Energie (Foto: Debeka)"},{"@type":"WebPage","@id":"https:\/\/www.doppelklicker.de\/blog\/debeka-eroeffnet-erweiterungsbau-unternehmenszentrale-in-koblenz\/#webpage","url":"https:\/\/www.doppelklicker.de\/blog\/debeka-eroeffnet-erweiterungsbau-unternehmenszentrale-in-koblenz\/","name":"Debeka-Neubau vereint Alt und Neu und spart Energie","isPartOf":{"@id":"https:\/\/www.doppelklicker.de\/blog\/#website"},"primaryImageOfPage":{"@id":"https:\/\/www.doppelklicker.de\/blog\/debeka-eroeffnet-erweiterungsbau-unternehmenszentrale-in-koblenz\/#primaryimage"},"datePublished":"2024-03-14T09:00:00+00:00","dateModified":"2024-03-14T09:00:00+00:00","author":{"@id":"https:\/\/www.doppelklicker.de\/blog\/#\/schema\/person\/08dcac172bdb025e8ff433488184668a"},"breadcrumb":{"@id":"https:\/\/www.doppelklicker.de\/blog\/debeka-eroeffnet-erweiterungsbau-unternehmenszentrale-in-koblenz\/#breadcrumb"},"inLanguage":"de-DE","potentialAction":[{"@type":"ReadAction","target":["https:\/\/www.doppelklicker.de\/blog\/debeka-eroeffnet-erweiterungsbau-unternehmenszentrale-in-koblenz\/"]}]},{"@type":"BreadcrumbList","@id":"https:\/\/www.doppelklicker.de\/blog\/debeka-eroeffnet-erweiterungsbau-unternehmenszentrale-in-koblenz\/#breadcrumb","itemListElement":[{"@type":"ListItem","position":1,"name":"Startseite","item":"https:\/\/www.doppelklicker.de\/blog\/"},{"@type":"ListItem","position":2,"name":"Debeka-Neubau vereint Alt und Neu und spart Energie"}]},{"@type":"Person","@id":"https:\/\/www.doppelklicker.de\/blog\/#\/schema\/person\/08dcac172bdb025e8ff433488184668a","name":"Iris Martin","image":{"@type":"ImageObject","@id":"https:\/\/www.doppelklicker.de\/blog\/#personlogo","inLanguage":"de-DE","url":"https:\/\/secure.gravatar.com\/avatar\/82fdaa093be0b9686b531f99fcb54d15?s=96&d=wp_user_avatar&r=g","contentUrl":"https:\/\/secure.gravatar.com\/avatar\/82fdaa093be0b9686b531f99fcb54d15?s=96&d=wp_user_avatar&r=g","caption":"Iris Martin"},"url":"https:\/\/www.doppelklicker.de\/blog\/author\/iris-martin\/"}]}},"_links":{"self":[{"href":"https:\/\/www.doppelklicker.de\/blog\/wp-json\/wp\/v2\/posts\/7377"}],"collection":[{"href":"https:\/\/www.doppelklicker.de\/blog\/wp-json\/wp\/v2\/posts"}],"about":[{"href":"https:\/\/www.doppelklicker.de\/blog\/wp-json\/wp\/v2\/types\/post"}],"author":[{"embeddable":true,"href":"https:\/\/www.doppelklicker.de\/blog\/wp-json\/wp\/v2\/users\/8"}],"replies":[{"embeddable":true,"href":"https:\/\/www.doppelklicker.de\/blog\/wp-json\/wp\/v2\/comments?post=7377"}],"version-history":[{"count":0,"href":"https:\/\/www.doppelklicker.de\/blog\/wp-json\/wp\/v2\/posts\/7377\/revisions"}],"wp:featuredmedia":[{"embeddable":true,"href":"https:\/\/www.doppelklicker.de\/blog\/wp-json\/wp\/v2\/media\/7378"}],"wp:attachment":[{"href":"https:\/\/www.doppelklicker.de\/blog\/wp-json\/wp\/v2\/media?parent=7377"}],"wp:term":[{"taxonomy":"category","embeddable":true,"href":"https:\/\/www.doppelklicker.de\/blog\/wp-json\/wp\/v2\/categories?post=7377"},{"taxonomy":"post_tag","embeddable":true,"href":"https:\/\/www.doppelklicker.de\/blog\/wp-json\/wp\/v2\/tags?post=7377"}],"curies":[{"name":"wp","href":"https:\/\/api.w.org\/{rel}","templated":true}]}}