{"id":7387,"date":"2024-03-05T12:00:00","date_gmt":"2024-03-05T10:00:00","guid":{"rendered":"guid"},"modified":"2024-03-05T12:00:00","modified_gmt":"2024-03-05T10:00:00","slug":"spatenstich-fuer-die-sueddeutsche-erdgasleitung-sel","status":"publish","type":"post","link":"https:\/\/www.doppelklicker.de\/blog\/spatenstich-fuer-die-sueddeutsche-erdgasleitung-sel\/","title":{"rendered":"SEL unterst\u00fctzt Dekarbonisierungsstrategie und Klimaneutralit\u00e4t in Baden-W\u00fcrttemberg"},"content":{"rendered":"<p>Die S\u00fcddeutsche Erdgasleitung (SEL) leistet einen wichtigen Beitrag zum Ausstieg aus der Kohleverstromung in Baden-W\u00fcrttemberg. Sie wird moderne Gaskraftwerke an das Netz anschlie\u00dfen und den Transport von Wasserstoff erm\u00f6glichen. Ab Anfang der 2030er Jahre wird die SEL als erste Pipeline in der Region Rhein-Neckar und dem Gro\u00dfraum Stuttgart Wasserstoff transportieren. Dieser Schritt ist ein wesentlicher Baustein f\u00fcr die Dekarbonisierungsstrategie und wird die Klimaneutralit\u00e4t in verschiedenen Sektoren wie Kraftwerken, Industrie, Verkehr und W\u00e4rmemarkt unterst\u00fctzen.<br \/>\n<!--more--><\/p>\n<div id=\"ez-toc-container\" class=\"ez-toc-v2_0_16 counter-hierarchy\">\n<div class=\"ez-toc-title-container\">\n<p class=\"ez-toc-title\">Inhaltsverzeichnis: Das erwartet Sie in diesem Artikel<\/p>\n<span class=\"ez-toc-title-toggle\"><a class=\"ez-toc-pull-right ez-toc-btn ez-toc-btn-xs ez-toc-btn-default ez-toc-toggle\" style=\"display: none;\"><i class=\"ez-toc-glyphicon ez-toc-icon-toggle\"><\/i><\/a><\/span><\/div>\n<nav><ul class=\"ez-toc-list ez-toc-list-level-1\"><li class=\"ez-toc-page-1 ez-toc-heading-level-2\"><a class=\"ez-toc-link ez-toc-heading-1\" href=\"https:\/\/www.doppelklicker.de\/blog\/spatenstich-fuer-die-sueddeutsche-erdgasleitung-sel\/#wasserstoff-als-schluessel-zur-wettbewerbsfaehigkeit-und-energiewende-in-bw\" title=\"Wasserstoff als Schl\u00fcssel zur Wettbewerbsf\u00e4higkeit und Energiewende in BW\">Wasserstoff als Schl\u00fcssel zur Wettbewerbsf\u00e4higkeit und Energiewende in BW<\/a><\/li><li class=\"ez-toc-page-1 ez-toc-heading-level-2\"><a class=\"ez-toc-link ez-toc-heading-2\" href=\"https:\/\/www.doppelklicker.de\/blog\/spatenstich-fuer-die-sueddeutsche-erdgasleitung-sel\/#terranets-bw-kunden-profitieren-von-der-sel-bei-ihrer-dekarbonisierungsstrategie\" title=\"Terranets bw Kunden profitieren von der SEL bei ihrer Dekarbonisierungsstrategie\">Terranets bw Kunden profitieren von der SEL bei ihrer Dekarbonisierungsstrategie<\/a><\/li><li class=\"ez-toc-page-1 ez-toc-heading-level-2\"><a class=\"ez-toc-link ez-toc-heading-3\" href=\"https:\/\/www.doppelklicker.de\/blog\/spatenstich-fuer-die-sueddeutsche-erdgasleitung-sel\/#sueddeutsche-erdgasleitung-bauabschnitte-geplant-bau-beginnt-2024\" title=\"S\u00fcddeutsche Erdgasleitung: Bauabschnitte geplant, Bau beginnt 2024\">S\u00fcddeutsche Erdgasleitung: Bauabschnitte geplant, Bau beginnt 2024<\/a><\/li><li class=\"ez-toc-page-1 ez-toc-heading-level-2\"><a class=\"ez-toc-link ez-toc-heading-4\" href=\"https:\/\/www.doppelklicker.de\/blog\/spatenstich-fuer-die-sueddeutsche-erdgasleitung-sel\/#terranets-bw-vorreiter-beim-aufbau-eines-leistungsfaehigen-wasserstoffnetzes\" title=\"terranets bw: Vorreiter beim Aufbau eines leistungsf\u00e4higen Wasserstoffnetzes\">terranets bw: Vorreiter beim Aufbau eines leistungsf\u00e4higen Wasserstoffnetzes<\/a><\/li><\/ul><\/nav><\/div>\n<h2><span class=\"ez-toc-section\" id=\"wasserstoff-als-schluessel-zur-wettbewerbsfaehigkeit-und-energiewende-in-bw\"><\/span>Wasserstoff als Schl\u00fcssel zur Wettbewerbsf\u00e4higkeit und Energiewende in BW<span class=\"ez-toc-section-end\"><\/span><\/h2>\n<p>Die Ministerin f\u00fcr Umwelt, Klima und Energiewirtschaft in Baden-W\u00fcrttemberg betont die Bedeutung von Wasserstoff f\u00fcr die Energiewende und die Wettbewerbsf\u00e4higkeit der Wirtschaft. Die S\u00fcddeutsche Erdgasleitung (SEL) spielt eine bedeutende Rolle bei der Schaffung der notwendigen Infrastruktur und dem Ausbau der Netze. Sie bildet den ersten Schritt hin zu einem deutschlandweiten Wasserstoff-Kernnetzwerk. Mit der SEL wird die Grundlage f\u00fcr eine nachhaltige Energieversorgung gelegt und die Wirtschaft in Baden-W\u00fcrttemberg gest\u00e4rkt.<\/p>\n<h2><span class=\"ez-toc-section\" id=\"terranets-bw-kunden-profitieren-von-der-sel-bei-ihrer-dekarbonisierungsstrategie\"><\/span>Terranets bw Kunden profitieren von der SEL bei ihrer Dekarbonisierungsstrategie<span class=\"ez-toc-section-end\"><\/span><\/h2>\n<p>Die S\u00fcddeutsche Erdgasleitung (SEL) wird als Teil des Wasserstoffnetzes in Baden-W\u00fcrttemberg die Versorgungssicherheit erh\u00f6hen und einen wichtigen Beitrag zur Dekarbonisierung leisten. Durch den Transport von CO2-neutralem Wasserstoff wird sie dazu beitragen, die Emissionen in Kraftwerken, der Industrie, im Verkehrssektor und im W\u00e4rmemarkt deutlich zu reduzieren. Die SEL ist somit ein Schl\u00fcsselprojekt f\u00fcr eine nachhaltige Energieversorgung und den Ausstieg aus kohlenstoffintensiven Energietr\u00e4gern.<\/p>\n<h2><span class=\"ez-toc-section\" id=\"sueddeutsche-erdgasleitung-bauabschnitte-geplant-bau-beginnt-2024\"><\/span>S\u00fcddeutsche Erdgasleitung: Bauabschnitte geplant, Bau beginnt 2024<span class=\"ez-toc-section-end\"><\/span><\/h2>\n<p>Die S\u00fcddeutsche Erdgasleitung (SEL) wird abschnittsweise realisiert, wobei der Bau von der tats\u00e4chlichen Nachfrage abh\u00e4ngig ist. Bereits f\u00fcr fast 200 Kilometer der Pipeline liegen Bau- und Betriebsgenehmigungen vor. Der Bau des ersten Abschnitts, der von Heilbronn bis in den Kreis Ludwigsburg verl\u00e4uft, soll im Jahr 2024 beginnen. Der Abschnitt im Regierungsbezirk Karlsruhe befindet sich noch im Genehmigungsverfahren. Dieser schrittweise Ansatz erm\u00f6glicht es, den aktuellen Bedarf und die Genehmigungsverfahren angemessen zu ber\u00fccksichtigen.<\/p>\n<h2><span class=\"ez-toc-section\" id=\"terranets-bw-vorreiter-beim-aufbau-eines-leistungsfaehigen-wasserstoffnetzes\"><\/span>terranets bw: Vorreiter beim Aufbau eines leistungsf\u00e4higen Wasserstoffnetzes<span class=\"ez-toc-section-end\"><\/span><\/h2>\n<p>Das geplante Wasserstoffnetz von terranets bw wird bis 2032 deutschlandweit eine L\u00e4nge von knapp 10.000 km haben. Die S\u00fcddeutsche Erdgasleitung (SEL) ist ein wesentlicher Bestandteil dieses Netzwerks und wird den Transport von Wasserstoff erm\u00f6glichen. Bis 2040 soll das gesamte Gastransportnetz von terranets bw in Baden-W\u00fcrttemberg und Hessen auf Wasserstoff umgestellt werden, um eine klimaneutrale Energieversorgung zu gew\u00e4hrleisten und die Dekarbonisierungsstrategie voranzutreiben.<\/p>\n<p>Die S\u00fcddeutsche Erdgasleitung (SEL) ist ein Schl\u00fcsselelement f\u00fcr den Wandel des Energiesystems in Baden-W\u00fcrttemberg. Sie erm\u00f6glicht den Ausstieg aus der Kohleverstromung und den Transport von Wasserstoff, was die Versorgungssicherheit erh\u00f6ht und die Dekarbonisierungsstrategie unterst\u00fctzt. Der Bau der Pipeline ist ein entscheidender Schritt auf dem Weg zu einer klimaneutralen Energieversorgung und dem Aufbau eines leistungsf\u00e4higen Wasserstoffnetzes f\u00fcr die Region.<\/p>\n","protected":false},"excerpt":{"rendered":"<p>Die S\u00fcddeutsche Erdgasleitung (SEL) leistet einen wichtigen Beitrag zum Ausstieg aus der Kohleverstromung in Baden-W\u00fcrttemberg. Sie wird moderne Gaskraftwerke an das Netz anschlie\u00dfen und den Transport von Wasserstoff erm\u00f6glichen. Ab Anfang der 2030er Jahre wird die SEL als erste Pipeline in der Region Rhein-Neckar und dem Gro\u00dfraum Stuttgart Wasserstoff transportieren. Dieser Schritt ist ein wesentlicher<\/p>\n<div class=\"read-more\"><a href=\"https:\/\/www.doppelklicker.de\/blog\/spatenstich-fuer-die-sueddeutsche-erdgasleitung-sel\/\" title=\"Jetzt alles lesen\">Jetzt alles lesen<\/a><\/div>\n","protected":false},"author":8,"featured_media":7388,"comment_status":"open","ping_status":"open","sticky":false,"template":"","format":"standard","meta":[],"categories":[3305],"tags":[],"yoast_head":"<!-- This site is optimized with the Yoast SEO plugin v18.2 - https:\/\/yoast.com\/wordpress\/plugins\/seo\/ -->\n<meta name=\"robots\" content=\"index, follow, max-snippet:-1, max-image-preview:large, max-video-preview:-1\" \/>\n<link rel=\"canonical\" href=\"https:\/\/www.doppelklicker.de\/blog\/spatenstich-fuer-die-sueddeutsche-erdgasleitung-sel\/\" \/>\n<meta property=\"og:locale\" content=\"de_DE\" \/>\n<meta property=\"og:type\" content=\"article\" \/>\n<meta property=\"og:title\" content=\"SEL unterst\u00fctzt Dekarbonisierungsstrategie und Klimaneutralit\u00e4t in Baden-W\u00fcrttemberg\" \/>\n<meta property=\"og:description\" content=\"Die S\u00fcddeutsche Erdgasleitung (SEL) leistet einen wichtigen Beitrag zum Ausstieg aus der Kohleverstromung in Baden-W\u00fcrttemberg. Sie wird moderne Gaskraftwerke an das Netz anschlie\u00dfen und den Transport von Wasserstoff erm\u00f6glichen. Ab Anfang der 2030er Jahre wird die SEL als erste Pipeline in der Region Rhein-Neckar und dem Gro\u00dfraum Stuttgart Wasserstoff transportieren. Dieser Schritt ist ein wesentlicherJetzt alles lesen\" \/>\n<meta property=\"og:url\" content=\"https:\/\/www.doppelklicker.de\/blog\/spatenstich-fuer-die-sueddeutsche-erdgasleitung-sel\/\" \/>\n<meta property=\"og:site_name\" content=\"Aus Mainz.\" \/>\n<meta property=\"article:published_time\" content=\"2024-03-05T10:00:00+00:00\" \/>\n<meta property=\"og:image\" content=\"https:\/\/www.doppelklicker.de\/blog\/wp-content\/uploads\/2024\/03\/sueddeutsche-erdgasleitung-ermoeglicht-ausstieg-kohleverstromung-und-19539.jpg\" \/>\n\t<meta property=\"og:image:width\" content=\"1280\" \/>\n\t<meta property=\"og:image:height\" content=\"615\" \/>\n\t<meta property=\"og:image:type\" content=\"image\/jpeg\" \/>\n<meta name=\"twitter:card\" content=\"summary_large_image\" \/>\n<meta name=\"twitter:label1\" content=\"Verfasst von\" \/>\n\t<meta name=\"twitter:data1\" content=\"Iris Martin\" \/>\n\t<meta name=\"twitter:label2\" content=\"Gesch\u00e4tzte Lesezeit\" \/>\n\t<meta name=\"twitter:data2\" content=\"2 Minuten\" \/>\n<script type=\"application\/ld+json\" class=\"yoast-schema-graph\">{\"@context\":\"https:\/\/schema.org\",\"@graph\":[{\"@type\":\"WebSite\",\"@id\":\"https:\/\/www.doppelklicker.de\/blog\/#website\",\"url\":\"https:\/\/www.doppelklicker.de\/blog\/\",\"name\":\"Aus Mainz.\",\"description\":\"F\u00fcr die Welt.\",\"potentialAction\":[{\"@type\":\"SearchAction\",\"target\":{\"@type\":\"EntryPoint\",\"urlTemplate\":\"https:\/\/www.doppelklicker.de\/blog\/?s={search_term_string}\"},\"query-input\":\"required name=search_term_string\"}],\"inLanguage\":\"de-DE\"},{\"@type\":\"ImageObject\",\"@id\":\"https:\/\/www.doppelklicker.de\/blog\/spatenstich-fuer-die-sueddeutsche-erdgasleitung-sel\/#primaryimage\",\"inLanguage\":\"de-DE\",\"url\":\"https:\/\/www.doppelklicker.de\/blog\/wp-content\/uploads\/2024\/03\/sueddeutsche-erdgasleitung-ermoeglicht-ausstieg-kohleverstromung-und-19539.jpg\",\"contentUrl\":\"https:\/\/www.doppelklicker.de\/blog\/wp-content\/uploads\/2024\/03\/sueddeutsche-erdgasleitung-ermoeglicht-ausstieg-kohleverstromung-und-19539.jpg\",\"width\":1280,\"height\":615,\"caption\":\"SEL unterst\u00fctzt Dekarbonisierungsstrategie und Klimaneutralit\u00e4t in Baden-W\u00fcrttemberg (Foto: S\u00fcddeutsche Erdgasleitung)\"},{\"@type\":\"WebPage\",\"@id\":\"https:\/\/www.doppelklicker.de\/blog\/spatenstich-fuer-die-sueddeutsche-erdgasleitung-sel\/#webpage\",\"url\":\"https:\/\/www.doppelklicker.de\/blog\/spatenstich-fuer-die-sueddeutsche-erdgasleitung-sel\/\",\"name\":\"SEL unterst\u00fctzt Dekarbonisierungsstrategie und Klimaneutralit\u00e4t in Baden-W\u00fcrttemberg\",\"isPartOf\":{\"@id\":\"https:\/\/www.doppelklicker.de\/blog\/#website\"},\"primaryImageOfPage\":{\"@id\":\"https:\/\/www.doppelklicker.de\/blog\/spatenstich-fuer-die-sueddeutsche-erdgasleitung-sel\/#primaryimage\"},\"datePublished\":\"2024-03-05T10:00:00+00:00\",\"dateModified\":\"2024-03-05T10:00:00+00:00\",\"author\":{\"@id\":\"https:\/\/www.doppelklicker.de\/blog\/#\/schema\/person\/08dcac172bdb025e8ff433488184668a\"},\"breadcrumb\":{\"@id\":\"https:\/\/www.doppelklicker.de\/blog\/spatenstich-fuer-die-sueddeutsche-erdgasleitung-sel\/#breadcrumb\"},\"inLanguage\":\"de-DE\",\"potentialAction\":[{\"@type\":\"ReadAction\",\"target\":[\"https:\/\/www.doppelklicker.de\/blog\/spatenstich-fuer-die-sueddeutsche-erdgasleitung-sel\/\"]}]},{\"@type\":\"BreadcrumbList\",\"@id\":\"https:\/\/www.doppelklicker.de\/blog\/spatenstich-fuer-die-sueddeutsche-erdgasleitung-sel\/#breadcrumb\",\"itemListElement\":[{\"@type\":\"ListItem\",\"position\":1,\"name\":\"Startseite\",\"item\":\"https:\/\/www.doppelklicker.de\/blog\/\"},{\"@type\":\"ListItem\",\"position\":2,\"name\":\"SEL unterst\u00fctzt Dekarbonisierungsstrategie und Klimaneutralit\u00e4t in Baden-W\u00fcrttemberg\"}]},{\"@type\":\"Person\",\"@id\":\"https:\/\/www.doppelklicker.de\/blog\/#\/schema\/person\/08dcac172bdb025e8ff433488184668a\",\"name\":\"Iris Martin\",\"image\":{\"@type\":\"ImageObject\",\"@id\":\"https:\/\/www.doppelklicker.de\/blog\/#personlogo\",\"inLanguage\":\"de-DE\",\"url\":\"https:\/\/secure.gravatar.com\/avatar\/82fdaa093be0b9686b531f99fcb54d15?s=96&d=wp_user_avatar&r=g\",\"contentUrl\":\"https:\/\/secure.gravatar.com\/avatar\/82fdaa093be0b9686b531f99fcb54d15?s=96&d=wp_user_avatar&r=g\",\"caption\":\"Iris Martin\"},\"url\":\"https:\/\/www.doppelklicker.de\/blog\/author\/iris-martin\/\"}]}<\/script>\n<!-- \/ Yoast SEO plugin. -->","yoast_head_json":{"robots":{"index":"index","follow":"follow","max-snippet":"max-snippet:-1","max-image-preview":"max-image-preview:large","max-video-preview":"max-video-preview:-1"},"canonical":"https:\/\/www.doppelklicker.de\/blog\/spatenstich-fuer-die-sueddeutsche-erdgasleitung-sel\/","og_locale":"de_DE","og_type":"article","og_title":"SEL unterst\u00fctzt Dekarbonisierungsstrategie und Klimaneutralit\u00e4t in Baden-W\u00fcrttemberg","og_description":"Die S\u00fcddeutsche Erdgasleitung (SEL) leistet einen wichtigen Beitrag zum Ausstieg aus der Kohleverstromung in Baden-W\u00fcrttemberg. Sie wird moderne Gaskraftwerke an das Netz anschlie\u00dfen und den Transport von Wasserstoff erm\u00f6glichen. Ab Anfang der 2030er Jahre wird die SEL als erste Pipeline in der Region Rhein-Neckar und dem Gro\u00dfraum Stuttgart Wasserstoff transportieren. Dieser Schritt ist ein wesentlicherJetzt alles lesen","og_url":"https:\/\/www.doppelklicker.de\/blog\/spatenstich-fuer-die-sueddeutsche-erdgasleitung-sel\/","og_site_name":"Aus Mainz.","article_published_time":"2024-03-05T10:00:00+00:00","og_image":[{"width":1280,"height":615,"url":"https:\/\/www.doppelklicker.de\/blog\/wp-content\/uploads\/2024\/03\/sueddeutsche-erdgasleitung-ermoeglicht-ausstieg-kohleverstromung-und-19539.jpg","type":"image\/jpeg"}],"twitter_card":"summary_large_image","twitter_misc":{"Verfasst von":"Iris Martin","Gesch\u00e4tzte Lesezeit":"2 Minuten"},"schema":{"@context":"https:\/\/schema.org","@graph":[{"@type":"WebSite","@id":"https:\/\/www.doppelklicker.de\/blog\/#website","url":"https:\/\/www.doppelklicker.de\/blog\/","name":"Aus Mainz.","description":"F\u00fcr die Welt.","potentialAction":[{"@type":"SearchAction","target":{"@type":"EntryPoint","urlTemplate":"https:\/\/www.doppelklicker.de\/blog\/?s={search_term_string}"},"query-input":"required name=search_term_string"}],"inLanguage":"de-DE"},{"@type":"ImageObject","@id":"https:\/\/www.doppelklicker.de\/blog\/spatenstich-fuer-die-sueddeutsche-erdgasleitung-sel\/#primaryimage","inLanguage":"de-DE","url":"https:\/\/www.doppelklicker.de\/blog\/wp-content\/uploads\/2024\/03\/sueddeutsche-erdgasleitung-ermoeglicht-ausstieg-kohleverstromung-und-19539.jpg","contentUrl":"https:\/\/www.doppelklicker.de\/blog\/wp-content\/uploads\/2024\/03\/sueddeutsche-erdgasleitung-ermoeglicht-ausstieg-kohleverstromung-und-19539.jpg","width":1280,"height":615,"caption":"SEL unterst\u00fctzt Dekarbonisierungsstrategie und Klimaneutralit\u00e4t in Baden-W\u00fcrttemberg (Foto: S\u00fcddeutsche Erdgasleitung)"},{"@type":"WebPage","@id":"https:\/\/www.doppelklicker.de\/blog\/spatenstich-fuer-die-sueddeutsche-erdgasleitung-sel\/#webpage","url":"https:\/\/www.doppelklicker.de\/blog\/spatenstich-fuer-die-sueddeutsche-erdgasleitung-sel\/","name":"SEL unterst\u00fctzt Dekarbonisierungsstrategie und Klimaneutralit\u00e4t in Baden-W\u00fcrttemberg","isPartOf":{"@id":"https:\/\/www.doppelklicker.de\/blog\/#website"},"primaryImageOfPage":{"@id":"https:\/\/www.doppelklicker.de\/blog\/spatenstich-fuer-die-sueddeutsche-erdgasleitung-sel\/#primaryimage"},"datePublished":"2024-03-05T10:00:00+00:00","dateModified":"2024-03-05T10:00:00+00:00","author":{"@id":"https:\/\/www.doppelklicker.de\/blog\/#\/schema\/person\/08dcac172bdb025e8ff433488184668a"},"breadcrumb":{"@id":"https:\/\/www.doppelklicker.de\/blog\/spatenstich-fuer-die-sueddeutsche-erdgasleitung-sel\/#breadcrumb"},"inLanguage":"de-DE","potentialAction":[{"@type":"ReadAction","target":["https:\/\/www.doppelklicker.de\/blog\/spatenstich-fuer-die-sueddeutsche-erdgasleitung-sel\/"]}]},{"@type":"BreadcrumbList","@id":"https:\/\/www.doppelklicker.de\/blog\/spatenstich-fuer-die-sueddeutsche-erdgasleitung-sel\/#breadcrumb","itemListElement":[{"@type":"ListItem","position":1,"name":"Startseite","item":"https:\/\/www.doppelklicker.de\/blog\/"},{"@type":"ListItem","position":2,"name":"SEL unterst\u00fctzt Dekarbonisierungsstrategie und Klimaneutralit\u00e4t in Baden-W\u00fcrttemberg"}]},{"@type":"Person","@id":"https:\/\/www.doppelklicker.de\/blog\/#\/schema\/person\/08dcac172bdb025e8ff433488184668a","name":"Iris Martin","image":{"@type":"ImageObject","@id":"https:\/\/www.doppelklicker.de\/blog\/#personlogo","inLanguage":"de-DE","url":"https:\/\/secure.gravatar.com\/avatar\/82fdaa093be0b9686b531f99fcb54d15?s=96&d=wp_user_avatar&r=g","contentUrl":"https:\/\/secure.gravatar.com\/avatar\/82fdaa093be0b9686b531f99fcb54d15?s=96&d=wp_user_avatar&r=g","caption":"Iris Martin"},"url":"https:\/\/www.doppelklicker.de\/blog\/author\/iris-martin\/"}]}},"_links":{"self":[{"href":"https:\/\/www.doppelklicker.de\/blog\/wp-json\/wp\/v2\/posts\/7387"}],"collection":[{"href":"https:\/\/www.doppelklicker.de\/blog\/wp-json\/wp\/v2\/posts"}],"about":[{"href":"https:\/\/www.doppelklicker.de\/blog\/wp-json\/wp\/v2\/types\/post"}],"author":[{"embeddable":true,"href":"https:\/\/www.doppelklicker.de\/blog\/wp-json\/wp\/v2\/users\/8"}],"replies":[{"embeddable":true,"href":"https:\/\/www.doppelklicker.de\/blog\/wp-json\/wp\/v2\/comments?post=7387"}],"version-history":[{"count":0,"href":"https:\/\/www.doppelklicker.de\/blog\/wp-json\/wp\/v2\/posts\/7387\/revisions"}],"wp:featuredmedia":[{"embeddable":true,"href":"https:\/\/www.doppelklicker.de\/blog\/wp-json\/wp\/v2\/media\/7388"}],"wp:attachment":[{"href":"https:\/\/www.doppelklicker.de\/blog\/wp-json\/wp\/v2\/media?parent=7387"}],"wp:term":[{"taxonomy":"category","embeddable":true,"href":"https:\/\/www.doppelklicker.de\/blog\/wp-json\/wp\/v2\/categories?post=7387"},{"taxonomy":"post_tag","embeddable":true,"href":"https:\/\/www.doppelklicker.de\/blog\/wp-json\/wp\/v2\/tags?post=7387"}],"curies":[{"name":"wp","href":"https:\/\/api.w.org\/{rel}","templated":true}]}}