{"id":7480,"date":"2024-04-02T10:00:00","date_gmt":"2024-04-02T08:00:00","guid":{"rendered":"guid"},"modified":"2024-04-02T10:00:00","modified_gmt":"2024-04-02T08:00:00","slug":"peter-huber-kaeltemaschinenbau-se-erhaelt-keff-label","status":"publish","type":"post","link":"https:\/\/www.doppelklicker.de\/blog\/peter-huber-kaeltemaschinenbau-se-erhaelt-keff-label\/","title":{"rendered":"Umweltstrategie als langj\u00e4hrige Tradition bei Peter Huber K\u00e4ltemaschinenbau SE"},"content":{"rendered":"<p>Im Rahmen ihrer Bem\u00fchungen, den Energieverbrauch zu reduzieren und die Ressourceneffizienz zu steigern, wurde die Peter Huber K\u00e4ltemaschinenbau SE mit dem KEFF+Label des Umweltministeriums ausgezeichnet. Diese Auszeichnung w\u00fcrdigt die erfolgreichen Ma\u00dfnahmen des Unternehmens, um nachhaltigere und energieeffizientere Prozesse einzuf\u00fchren. Die pers\u00f6nliche \u00dcbergabe des Labels an den Vorstandsvorsitzenden Daniel Huber durch Landrat Frank Scherer unterstreicht die Anerkennung f\u00fcr die geleistete Arbeit.<br \/>\n<!--more--><\/p>\n<div id=\"ez-toc-container\" class=\"ez-toc-v2_0_16 counter-hierarchy\">\n<div class=\"ez-toc-title-container\">\n<p class=\"ez-toc-title\">Inhaltsverzeichnis: Das erwartet Sie in diesem Artikel<\/p>\n<span class=\"ez-toc-title-toggle\"><a class=\"ez-toc-pull-right ez-toc-btn ez-toc-btn-xs ez-toc-btn-default ez-toc-toggle\" style=\"display: none;\"><i class=\"ez-toc-glyphicon ez-toc-icon-toggle\"><\/i><\/a><\/span><\/div>\n<nav><ul class=\"ez-toc-list ez-toc-list-level-1\"><li class=\"ez-toc-page-1 ez-toc-heading-level-2\"><a class=\"ez-toc-link ez-toc-heading-1\" href=\"https:\/\/www.doppelklicker.de\/blog\/peter-huber-kaeltemaschinenbau-se-erhaelt-keff-label\/#effizienzsteigerung-bei-peter-huber-kaeltemaschinenbau-se-durch-pv-anlage-und-pumpenanlagenumbau\" title=\"Effizienzsteigerung bei Peter Huber K\u00e4ltemaschinenbau SE durch PV-Anlage und Pumpenanlagenumbau\">Effizienzsteigerung bei Peter Huber K\u00e4ltemaschinenbau SE durch PV-Anlage und Pumpenanlagenumbau<\/a><\/li><li class=\"ez-toc-page-1 ez-toc-heading-level-2\"><a class=\"ez-toc-link ez-toc-heading-2\" href=\"https:\/\/www.doppelklicker.de\/blog\/peter-huber-kaeltemaschinenbau-se-erhaelt-keff-label\/#umweltvertraeglichkeit-als-unternehmensphilosophie-peter-huber-kaeltemaschinenbau-se-erhaelt-auszeichnung\" title=\"Umweltvertr\u00e4glichkeit als Unternehmensphilosophie: Peter Huber K\u00e4ltemaschinenbau SE erh\u00e4lt Auszeichnung\">Umweltvertr\u00e4glichkeit als Unternehmensphilosophie: Peter Huber K\u00e4ltemaschinenbau SE erh\u00e4lt Auszeichnung<\/a><\/li><li class=\"ez-toc-page-1 ez-toc-heading-level-2\"><a class=\"ez-toc-link ez-toc-heading-3\" href=\"https:\/\/www.doppelklicker.de\/blog\/peter-huber-kaeltemaschinenbau-se-erhaelt-keff-label\/#peter-huber-kaeltemaschinenbau-se-ausgezeichnet-fuer-ressourceneffizienzmassnahmen\" title=\"Peter Huber K\u00e4ltemaschinenbau SE ausgezeichnet f\u00fcr Ressourceneffizienzma\u00dfnahmen\">Peter Huber K\u00e4ltemaschinenbau SE ausgezeichnet f\u00fcr Ressourceneffizienzma\u00dfnahmen<\/a><\/li><li class=\"ez-toc-page-1 ez-toc-heading-level-2\"><a class=\"ez-toc-link ez-toc-heading-4\" href=\"https:\/\/www.doppelklicker.de\/blog\/peter-huber-kaeltemaschinenbau-se-erhaelt-keff-label\/#beispielhaftes-unternehmen-peter-huber-setzt-massstaebe-in-der-energieeffizienz\" title=\"Beispielhaftes Unternehmen: Peter Huber setzt Ma\u00dfst\u00e4be in der Energieeffizienz\">Beispielhaftes Unternehmen: Peter Huber setzt Ma\u00dfst\u00e4be in der Energieeffizienz<\/a><\/li><\/ul><\/nav><\/div>\n<h2><span class=\"ez-toc-section\" id=\"effizienzsteigerung-bei-peter-huber-kaeltemaschinenbau-se-durch-pv-anlage-und-pumpenanlagenumbau\"><\/span>Effizienzsteigerung bei Peter Huber K\u00e4ltemaschinenbau SE durch PV-Anlage und Pumpenanlagenumbau<span class=\"ez-toc-section-end\"><\/span><\/h2>\n<p>Um den Energieverbrauch zu reduzieren und die Kosten zu senken, hat die Peter Huber K\u00e4ltemaschinenbau SE mehrere Ma\u00dfnahmen ergriffen. Eine davon war die Erweiterung der Photovoltaik-Anlage, wodurch ein gr\u00f6\u00dferer Anteil des ben\u00f6tigten Stroms im eigenen Betrieb erzeugt werden kann. Zus\u00e4tzlich wurde die vorhandene Pumpenanlage f\u00fcr die interne Hauswasserversorgung erneuert, um den Energieverbrauch zu optimieren und Ressourcen effizienter einzusetzen.<\/p>\n<p>Durch die Implementierung automatisierter Druck- und Frequenzregelungen der Pumpen erf\u00fcllt die Anlage nicht nur ihre prim\u00e4re Aufgabe der W\u00e4rmer\u00fcckgewinnung, sondern unterst\u00fctzt auch die Heizung und K\u00fchlung s\u00e4mtlicher Geb\u00e4ude. Eine erste Analyse zeigt, dass der Stromverbrauch der Pumpenanlage im Vergleich zur vorherigen Konfiguration um etwa 40 % gesunken ist. Durch den gesteigerten Volumenstrom der neuen Anlage wurde die Effizienz der W\u00e4rmer\u00fcckgewinnung deutlich verbessert und es wurden Reserven f\u00fcr zuk\u00fcnftige Erweiterungen geschaffen.<\/p>\n<h2><span class=\"ez-toc-section\" id=\"umweltvertraeglichkeit-als-unternehmensphilosophie-peter-huber-kaeltemaschinenbau-se-erhaelt-auszeichnung\"><\/span>Umweltvertr\u00e4glichkeit als Unternehmensphilosophie: Peter Huber K\u00e4ltemaschinenbau SE erh\u00e4lt Auszeichnung<span class=\"ez-toc-section-end\"><\/span><\/h2>\n<p>Die Peter Huber K\u00e4ltemaschinenbau SE hat mit ihrem konsequenten Einsatz f\u00fcr Nachhaltigkeit und Energieeffizienz einen weiteren Meilenstein erreicht. Bereits seit der Errichtung des neuen Firmengeb\u00e4udes im Jahr 1999 spielt Nachhaltigkeit eine bedeutende Rolle. Durch die Umsetzung von energetischen Ma\u00dfnahmen wie der Betonkernaktivierung, einer starken D\u00e4mmung der Au\u00dfenw\u00e4nde und der effizienten W\u00e4rmer\u00fcckgewinnung aus Produktionsprozessen konnte der Energieverbrauch deutlich gesenkt werden. Zudem bezieht das Unternehmen 100 % \u00d6kostrom aus Wasserkraft, setzt auf energieeffiziente LED-Beleuchtung mit Bewegungssensoren und optimiert den Energieverbrauch mit einer speziellen Software. Das Ergebnis ist ein beeindruckendes Firmengeb\u00e4ude, das sogar die Standards eines KfW 40 Effizienzhauses \u00fcbertrifft.<\/p>\n<h2><span class=\"ez-toc-section\" id=\"peter-huber-kaeltemaschinenbau-se-ausgezeichnet-fuer-ressourceneffizienzmassnahmen\"><\/span>Peter Huber K\u00e4ltemaschinenbau SE ausgezeichnet f\u00fcr Ressourceneffizienzma\u00dfnahmen<span class=\"ez-toc-section-end\"><\/span><\/h2>\n<p>Das Umweltministerium hat die erfolgreichen Ressourceneffizienzma\u00dfnahmen der Peter Huber K\u00e4ltemaschinenbau SE mit dem landesweit ersten KEFF+Label gew\u00fcrdigt. Das KEFF+Label steht f\u00fcr die &#8222;Kompetenzstelle Ressourceneffizienz&#8220; und unterst\u00fctzt Unternehmen in der Verarbeitungsindustrie bei der Reduzierung ihres Ressourcenverbrauchs. Im Rahmen des &#8222;KEFF+Checks&#8220; wurden Experten beauftragt, die Ressourcenverbr\u00e4uche bei der Peter Huber K\u00e4ltemaschinenbau SE zu untersuchen und gemeinsam mit den Produktionsverantwortlichen und dem Qualit\u00e4tsmanagement geeignete Ma\u00dfnahmen zur Verbesserung der Ressourceneffizienz zu erarbeiten.<\/p>\n<p>Bei der \u00dcberreichung des Labels betonte Daniel Huber, Vorstandsvorsitzender der Peter Huber K\u00e4ltemaschinenbau SE, die enge Zusammenarbeit mit der Kompetenzstelle Ressourceneffizienz. Er betonte die gro\u00dfe Bedeutung der Auszeichnung f\u00fcr das Unternehmen und hob hervor, dass Umweltvertr\u00e4glichkeit schon immer eine zentrale Rolle in der Unternehmensphilosophie gespielt hat. Die erfolgreichen Ma\u00dfnahmen zur Ressourceneffizienz und Energieeinsparung belegen das Engagement von Peter Huber K\u00e4ltemaschinenbau SE f\u00fcr den Klimaschutz und die Nachhaltigkeit.<\/p>\n<h2><span class=\"ez-toc-section\" id=\"beispielhaftes-unternehmen-peter-huber-setzt-massstaebe-in-der-energieeffizienz\"><\/span>Beispielhaftes Unternehmen: Peter Huber setzt Ma\u00dfst\u00e4be in der Energieeffizienz<span class=\"ez-toc-section-end\"><\/span><\/h2>\n<p>Das Unternehmen Peter Huber K\u00e4ltemaschinenbau SE wurde von Landrat Frank Scherer f\u00fcr seine herausragende Leistung im Bereich Klimaschutz, Nachhaltigkeit und Energieeffizienz anerkannt. Scherer zeigte sich zuversichtlich, dass andere Unternehmen in der Region von den Erfolgen des Unternehmens inspiriert werden und \u00e4hnliche Ma\u00dfnahmen ergreifen, um ihren eigenen \u00f6kologischen Fu\u00dfabdruck zu verringern und zur Bewahrung der Umwelt beizutragen.<\/p>\n<p>Die Peter Huber K\u00e4ltemaschinenbau SE wurde f\u00fcr ihre erfolgreichen Energieeinsparungen und Ressourceneffizienzma\u00dfnahmen mit dem renommierten KEFF+Label des Umweltministeriums ausgezeichnet. Diese Auszeichnung unterstreicht die hohe Bedeutung von Umweltvertr\u00e4glichkeit f\u00fcr das Unternehmen und best\u00e4tigt, dass effektive Ma\u00dfnahmen zur Energieeinsparung und Kostenreduktion erfolgreich umgesetzt wurden. Mit dieser Auszeichnung wird der Einsatz von Peter Huber K\u00e4ltemaschinenbau SE f\u00fcr den Klimaschutz und die Nachhaltigkeit gew\u00fcrdigt.<\/p>\n","protected":false},"excerpt":{"rendered":"<p>Im Rahmen ihrer Bem\u00fchungen, den Energieverbrauch zu reduzieren und die Ressourceneffizienz zu steigern, wurde die Peter Huber K\u00e4ltemaschinenbau SE mit dem KEFF+Label des Umweltministeriums ausgezeichnet. Diese Auszeichnung w\u00fcrdigt die erfolgreichen Ma\u00dfnahmen des Unternehmens, um nachhaltigere und energieeffizientere Prozesse einzuf\u00fchren. Die pers\u00f6nliche \u00dcbergabe des Labels an den Vorstandsvorsitzenden Daniel Huber durch Landrat Frank Scherer unterstreicht die<\/p>\n<div class=\"read-more\"><a href=\"https:\/\/www.doppelklicker.de\/blog\/peter-huber-kaeltemaschinenbau-se-erhaelt-keff-label\/\" title=\"Jetzt alles lesen\">Jetzt alles lesen<\/a><\/div>\n","protected":false},"author":8,"featured_media":7482,"comment_status":"open","ping_status":"open","sticky":false,"template":"","format":"standard","meta":[],"categories":[3305],"tags":[],"yoast_head":"<!-- This site is optimized with the Yoast SEO plugin v18.2 - https:\/\/yoast.com\/wordpress\/plugins\/seo\/ -->\n<meta name=\"robots\" content=\"index, follow, max-snippet:-1, max-image-preview:large, max-video-preview:-1\" \/>\n<link rel=\"canonical\" href=\"https:\/\/www.doppelklicker.de\/blog\/peter-huber-kaeltemaschinenbau-se-erhaelt-keff-label\/\" \/>\n<meta property=\"og:locale\" content=\"de_DE\" \/>\n<meta property=\"og:type\" content=\"article\" \/>\n<meta property=\"og:title\" content=\"Umweltstrategie als langj\u00e4hrige Tradition bei Peter Huber K\u00e4ltemaschinenbau SE\" \/>\n<meta property=\"og:description\" content=\"Im Rahmen ihrer Bem\u00fchungen, den Energieverbrauch zu reduzieren und die Ressourceneffizienz zu steigern, wurde die Peter Huber K\u00e4ltemaschinenbau SE mit dem KEFF+Label des Umweltministeriums ausgezeichnet. Diese Auszeichnung w\u00fcrdigt die erfolgreichen Ma\u00dfnahmen des Unternehmens, um nachhaltigere und energieeffizientere Prozesse einzuf\u00fchren. Die pers\u00f6nliche \u00dcbergabe des Labels an den Vorstandsvorsitzenden Daniel Huber durch Landrat Frank Scherer unterstreicht dieJetzt alles lesen\" \/>\n<meta property=\"og:url\" content=\"https:\/\/www.doppelklicker.de\/blog\/peter-huber-kaeltemaschinenbau-se-erhaelt-keff-label\/\" \/>\n<meta property=\"og:site_name\" content=\"Aus Mainz.\" \/>\n<meta property=\"article:published_time\" content=\"2024-04-02T08:00:00+00:00\" \/>\n<meta property=\"og:image\" content=\"https:\/\/www.doppelklicker.de\/blog\/wp-content\/uploads\/2024\/03\/peter-huber-kaeltemaschinenbau-se-erhaelt-keff-label-20111.jpg\" \/>\n\t<meta property=\"og:image:width\" content=\"1280\" \/>\n\t<meta property=\"og:image:height\" content=\"615\" \/>\n\t<meta property=\"og:image:type\" content=\"image\/jpeg\" \/>\n<meta name=\"twitter:card\" content=\"summary_large_image\" \/>\n<meta name=\"twitter:label1\" content=\"Verfasst von\" \/>\n\t<meta name=\"twitter:data1\" content=\"Iris Martin\" \/>\n\t<meta name=\"twitter:label2\" content=\"Gesch\u00e4tzte Lesezeit\" \/>\n\t<meta name=\"twitter:data2\" content=\"3 Minuten\" \/>\n<script type=\"application\/ld+json\" class=\"yoast-schema-graph\">{\"@context\":\"https:\/\/schema.org\",\"@graph\":[{\"@type\":\"WebSite\",\"@id\":\"https:\/\/www.doppelklicker.de\/blog\/#website\",\"url\":\"https:\/\/www.doppelklicker.de\/blog\/\",\"name\":\"Aus Mainz.\",\"description\":\"F\u00fcr die Welt.\",\"potentialAction\":[{\"@type\":\"SearchAction\",\"target\":{\"@type\":\"EntryPoint\",\"urlTemplate\":\"https:\/\/www.doppelklicker.de\/blog\/?s={search_term_string}\"},\"query-input\":\"required name=search_term_string\"}],\"inLanguage\":\"de-DE\"},{\"@type\":\"ImageObject\",\"@id\":\"https:\/\/www.doppelklicker.de\/blog\/peter-huber-kaeltemaschinenbau-se-erhaelt-keff-label\/#primaryimage\",\"inLanguage\":\"de-DE\",\"url\":\"https:\/\/www.doppelklicker.de\/blog\/wp-content\/uploads\/2024\/03\/peter-huber-kaeltemaschinenbau-se-erhaelt-keff-label-20111.jpg\",\"contentUrl\":\"https:\/\/www.doppelklicker.de\/blog\/wp-content\/uploads\/2024\/03\/peter-huber-kaeltemaschinenbau-se-erhaelt-keff-label-20111.jpg\",\"width\":1280,\"height\":615,\"caption\":\"Umweltstrategie als langj\u00e4hrige Tradition bei Peter Huber K\u00e4ltemaschinenbau SE (Foto: MurrPhotoArt)\"},{\"@type\":\"WebPage\",\"@id\":\"https:\/\/www.doppelklicker.de\/blog\/peter-huber-kaeltemaschinenbau-se-erhaelt-keff-label\/#webpage\",\"url\":\"https:\/\/www.doppelklicker.de\/blog\/peter-huber-kaeltemaschinenbau-se-erhaelt-keff-label\/\",\"name\":\"Umweltstrategie als langj\u00e4hrige Tradition bei Peter Huber K\u00e4ltemaschinenbau SE\",\"isPartOf\":{\"@id\":\"https:\/\/www.doppelklicker.de\/blog\/#website\"},\"primaryImageOfPage\":{\"@id\":\"https:\/\/www.doppelklicker.de\/blog\/peter-huber-kaeltemaschinenbau-se-erhaelt-keff-label\/#primaryimage\"},\"datePublished\":\"2024-04-02T08:00:00+00:00\",\"dateModified\":\"2024-04-02T08:00:00+00:00\",\"author\":{\"@id\":\"https:\/\/www.doppelklicker.de\/blog\/#\/schema\/person\/08dcac172bdb025e8ff433488184668a\"},\"breadcrumb\":{\"@id\":\"https:\/\/www.doppelklicker.de\/blog\/peter-huber-kaeltemaschinenbau-se-erhaelt-keff-label\/#breadcrumb\"},\"inLanguage\":\"de-DE\",\"potentialAction\":[{\"@type\":\"ReadAction\",\"target\":[\"https:\/\/www.doppelklicker.de\/blog\/peter-huber-kaeltemaschinenbau-se-erhaelt-keff-label\/\"]}]},{\"@type\":\"BreadcrumbList\",\"@id\":\"https:\/\/www.doppelklicker.de\/blog\/peter-huber-kaeltemaschinenbau-se-erhaelt-keff-label\/#breadcrumb\",\"itemListElement\":[{\"@type\":\"ListItem\",\"position\":1,\"name\":\"Startseite\",\"item\":\"https:\/\/www.doppelklicker.de\/blog\/\"},{\"@type\":\"ListItem\",\"position\":2,\"name\":\"Umweltstrategie als langj\u00e4hrige Tradition bei Peter Huber K\u00e4ltemaschinenbau SE\"}]},{\"@type\":\"Person\",\"@id\":\"https:\/\/www.doppelklicker.de\/blog\/#\/schema\/person\/08dcac172bdb025e8ff433488184668a\",\"name\":\"Iris Martin\",\"image\":{\"@type\":\"ImageObject\",\"@id\":\"https:\/\/www.doppelklicker.de\/blog\/#personlogo\",\"inLanguage\":\"de-DE\",\"url\":\"https:\/\/secure.gravatar.com\/avatar\/82fdaa093be0b9686b531f99fcb54d15?s=96&d=wp_user_avatar&r=g\",\"contentUrl\":\"https:\/\/secure.gravatar.com\/avatar\/82fdaa093be0b9686b531f99fcb54d15?s=96&d=wp_user_avatar&r=g\",\"caption\":\"Iris Martin\"},\"url\":\"https:\/\/www.doppelklicker.de\/blog\/author\/iris-martin\/\"}]}<\/script>\n<!-- \/ Yoast SEO plugin. -->","yoast_head_json":{"robots":{"index":"index","follow":"follow","max-snippet":"max-snippet:-1","max-image-preview":"max-image-preview:large","max-video-preview":"max-video-preview:-1"},"canonical":"https:\/\/www.doppelklicker.de\/blog\/peter-huber-kaeltemaschinenbau-se-erhaelt-keff-label\/","og_locale":"de_DE","og_type":"article","og_title":"Umweltstrategie als langj\u00e4hrige Tradition bei Peter Huber K\u00e4ltemaschinenbau SE","og_description":"Im Rahmen ihrer Bem\u00fchungen, den Energieverbrauch zu reduzieren und die Ressourceneffizienz zu steigern, wurde die Peter Huber K\u00e4ltemaschinenbau SE mit dem KEFF+Label des Umweltministeriums ausgezeichnet. Diese Auszeichnung w\u00fcrdigt die erfolgreichen Ma\u00dfnahmen des Unternehmens, um nachhaltigere und energieeffizientere Prozesse einzuf\u00fchren. Die pers\u00f6nliche \u00dcbergabe des Labels an den Vorstandsvorsitzenden Daniel Huber durch Landrat Frank Scherer unterstreicht dieJetzt alles lesen","og_url":"https:\/\/www.doppelklicker.de\/blog\/peter-huber-kaeltemaschinenbau-se-erhaelt-keff-label\/","og_site_name":"Aus Mainz.","article_published_time":"2024-04-02T08:00:00+00:00","og_image":[{"width":1280,"height":615,"url":"https:\/\/www.doppelklicker.de\/blog\/wp-content\/uploads\/2024\/03\/peter-huber-kaeltemaschinenbau-se-erhaelt-keff-label-20111.jpg","type":"image\/jpeg"}],"twitter_card":"summary_large_image","twitter_misc":{"Verfasst von":"Iris Martin","Gesch\u00e4tzte Lesezeit":"3 Minuten"},"schema":{"@context":"https:\/\/schema.org","@graph":[{"@type":"WebSite","@id":"https:\/\/www.doppelklicker.de\/blog\/#website","url":"https:\/\/www.doppelklicker.de\/blog\/","name":"Aus Mainz.","description":"F\u00fcr die Welt.","potentialAction":[{"@type":"SearchAction","target":{"@type":"EntryPoint","urlTemplate":"https:\/\/www.doppelklicker.de\/blog\/?s={search_term_string}"},"query-input":"required name=search_term_string"}],"inLanguage":"de-DE"},{"@type":"ImageObject","@id":"https:\/\/www.doppelklicker.de\/blog\/peter-huber-kaeltemaschinenbau-se-erhaelt-keff-label\/#primaryimage","inLanguage":"de-DE","url":"https:\/\/www.doppelklicker.de\/blog\/wp-content\/uploads\/2024\/03\/peter-huber-kaeltemaschinenbau-se-erhaelt-keff-label-20111.jpg","contentUrl":"https:\/\/www.doppelklicker.de\/blog\/wp-content\/uploads\/2024\/03\/peter-huber-kaeltemaschinenbau-se-erhaelt-keff-label-20111.jpg","width":1280,"height":615,"caption":"Umweltstrategie als langj\u00e4hrige Tradition bei Peter Huber K\u00e4ltemaschinenbau SE (Foto: MurrPhotoArt)"},{"@type":"WebPage","@id":"https:\/\/www.doppelklicker.de\/blog\/peter-huber-kaeltemaschinenbau-se-erhaelt-keff-label\/#webpage","url":"https:\/\/www.doppelklicker.de\/blog\/peter-huber-kaeltemaschinenbau-se-erhaelt-keff-label\/","name":"Umweltstrategie als langj\u00e4hrige Tradition bei Peter Huber K\u00e4ltemaschinenbau SE","isPartOf":{"@id":"https:\/\/www.doppelklicker.de\/blog\/#website"},"primaryImageOfPage":{"@id":"https:\/\/www.doppelklicker.de\/blog\/peter-huber-kaeltemaschinenbau-se-erhaelt-keff-label\/#primaryimage"},"datePublished":"2024-04-02T08:00:00+00:00","dateModified":"2024-04-02T08:00:00+00:00","author":{"@id":"https:\/\/www.doppelklicker.de\/blog\/#\/schema\/person\/08dcac172bdb025e8ff433488184668a"},"breadcrumb":{"@id":"https:\/\/www.doppelklicker.de\/blog\/peter-huber-kaeltemaschinenbau-se-erhaelt-keff-label\/#breadcrumb"},"inLanguage":"de-DE","potentialAction":[{"@type":"ReadAction","target":["https:\/\/www.doppelklicker.de\/blog\/peter-huber-kaeltemaschinenbau-se-erhaelt-keff-label\/"]}]},{"@type":"BreadcrumbList","@id":"https:\/\/www.doppelklicker.de\/blog\/peter-huber-kaeltemaschinenbau-se-erhaelt-keff-label\/#breadcrumb","itemListElement":[{"@type":"ListItem","position":1,"name":"Startseite","item":"https:\/\/www.doppelklicker.de\/blog\/"},{"@type":"ListItem","position":2,"name":"Umweltstrategie als langj\u00e4hrige Tradition bei Peter Huber K\u00e4ltemaschinenbau SE"}]},{"@type":"Person","@id":"https:\/\/www.doppelklicker.de\/blog\/#\/schema\/person\/08dcac172bdb025e8ff433488184668a","name":"Iris Martin","image":{"@type":"ImageObject","@id":"https:\/\/www.doppelklicker.de\/blog\/#personlogo","inLanguage":"de-DE","url":"https:\/\/secure.gravatar.com\/avatar\/82fdaa093be0b9686b531f99fcb54d15?s=96&d=wp_user_avatar&r=g","contentUrl":"https:\/\/secure.gravatar.com\/avatar\/82fdaa093be0b9686b531f99fcb54d15?s=96&d=wp_user_avatar&r=g","caption":"Iris Martin"},"url":"https:\/\/www.doppelklicker.de\/blog\/author\/iris-martin\/"}]}},"_links":{"self":[{"href":"https:\/\/www.doppelklicker.de\/blog\/wp-json\/wp\/v2\/posts\/7480"}],"collection":[{"href":"https:\/\/www.doppelklicker.de\/blog\/wp-json\/wp\/v2\/posts"}],"about":[{"href":"https:\/\/www.doppelklicker.de\/blog\/wp-json\/wp\/v2\/types\/post"}],"author":[{"embeddable":true,"href":"https:\/\/www.doppelklicker.de\/blog\/wp-json\/wp\/v2\/users\/8"}],"replies":[{"embeddable":true,"href":"https:\/\/www.doppelklicker.de\/blog\/wp-json\/wp\/v2\/comments?post=7480"}],"version-history":[{"count":0,"href":"https:\/\/www.doppelklicker.de\/blog\/wp-json\/wp\/v2\/posts\/7480\/revisions"}],"wp:featuredmedia":[{"embeddable":true,"href":"https:\/\/www.doppelklicker.de\/blog\/wp-json\/wp\/v2\/media\/7482"}],"wp:attachment":[{"href":"https:\/\/www.doppelklicker.de\/blog\/wp-json\/wp\/v2\/media?parent=7480"}],"wp:term":[{"taxonomy":"category","embeddable":true,"href":"https:\/\/www.doppelklicker.de\/blog\/wp-json\/wp\/v2\/categories?post=7480"},{"taxonomy":"post_tag","embeddable":true,"href":"https:\/\/www.doppelklicker.de\/blog\/wp-json\/wp\/v2\/tags?post=7480"}],"curies":[{"name":"wp","href":"https:\/\/api.w.org\/{rel}","templated":true}]}}