{"id":7485,"date":"2024-03-01T09:00:00","date_gmt":"2024-03-01T07:00:00","guid":{"rendered":"guid"},"modified":"2024-03-01T09:00:00","modified_gmt":"2024-03-01T07:00:00","slug":"fia-wec-bmw-m-motorsport-media-guide-aktuelle-eindruecke-katar","status":"publish","type":"post","link":"https:\/\/www.doppelklicker.de\/blog\/fia-wec-bmw-m-motorsport-media-guide-aktuelle-eindruecke-katar\/","title":{"rendered":"BMW M Motorsport kehrt in die FIA WEC zur\u00fcck: Spannende Rennen erwartet"},"content":{"rendered":"<p>BMW M Motorsport kehrt nach 25 Jahren Abwesenheit in die FIA World Endurance Championship zur\u00fcck. Mit zwei BMW M Hybrid V8-Prototypen werden sie in der Hypercar-Klasse bei den Qatar 1812 km antreten. Neben den Prototypen wird auch der BMW M4 GT3 in der LMGT3-Kategorie starten. Im BMW M Motorsport Media Guide finden sich detaillierte Informationen zu den Fahrzeugen sowie spannende Fakten \u00fcber das Team, die Fahrer und das 20. BMW Art Car, das im Juni 2024 bei den 24 Stunden von Le Mans pr\u00e4sentiert wird.<br \/>\n<!--more--><\/p>\n<h2>Erfolgreiche Testtage: BMW M Motorsport optimal auf Rennen vorbereitet<\/h2>\n<p>Die Testtage vor dem ersten Rennen verliefen \u00e4u\u00dferst erfolgreich f\u00fcr das BMW M Motorsport Team. Sowohl die BMW M Hybrid V8 als auch der BMW M4 GT3 wurden intensiv getestet und auf das Rennen optimal vorbereitet. Andreas Roos, der Leiter von BMW M Motorsport, ist mit den Testergebnissen sehr zufrieden. Die Fahrzeuge wurden auf ihr bestes Leistungsniveau gebracht und alle offenen Punkte auf der Liste wurden erfolgreich abgearbeitet. Auch die Zusammenarbeit zwischen den Ingenieuren und dem Team wurde weiter optimiert. Vincent Vosse, der Teamchef des BMW M Team WRT, best\u00e4tigt die hervorragende Zusammenarbeit im Team und die beeindruckende Leistung der Fahrzeuge.<\/p>\n<p>Die beiden Fahrer der BMW M Hybrid V8, Dries Vanthoor und Robin Frijns, zeigen Zuversicht f\u00fcr das bevorstehende erste Rennen. Vanthoor betont, dass noch Verbesserungsbedarf in Bezug auf die Performance besteht, ist jedoch zuversichtlich, dass die Trainingssessions dazu beitragen werden. Frijns freut sich besonders \u00fcber seinen ersten Renneinsatz f\u00fcr BMW M Motorsport und hebt die starke Leistung des Fahrzeugs hervor.<\/p>\n<p>Augusto Farfus, Fahrer des BMW M4 GT3, zeigt sich nach den Testtagen zufrieden. Die intensive Trainingszeit erm\u00f6glichte es ihm, die Strecke besser kennenzulernen und das Team enger zusammenzubringen. Farfus konnte viele Runden drehen und wertvolle Daten sammeln, um optimal f\u00fcr das Rennen vorbereitet zu sein. Auch Valentino Rossi, ein weiterer Fahrer des BMW M4 GT3, hatte anfangs Schwierigkeiten mit der Fahrzeugbalance, doch das Team konnte das Problem erfolgreich l\u00f6sen und er konnte seine Leistung verbessern. Beide Fahrer freuen sich auf das bevorstehende Rennen.<\/p>\n<p>Die Testtage vor dem ersten Rennen waren f\u00fcr BMW M Motorsport ein voller Erfolg. Das Team hat die Fahrzeuge optimal vorbereitet und die Zusammenarbeit zwischen den Teammitgliedern verlief reibungslos. Die Fahrer sind zuversichtlich und bereit f\u00fcr das erste Rennen. Dank der positiven Ergebnisse des Prologs befindet sich BMW M Motorsport in einer sehr guten Ausgangsposition f\u00fcr die FIA World Endurance Championship.<\/p>\n<p>Die R\u00fcckkehr von BMW M Motorsport in die FIA World Endurance Championship verspricht spannende Rennen und eine starke Konkurrenz. Die neuen BMW M Hybrid V8-Prototypen und der BMW M4 GT3 geben dem Team eine solide Basis f\u00fcr den Wettbewerb. Die erfolgreichen Testtage haben gezeigt, dass die Fahrzeuge zuverl\u00e4ssig und leistungsstark sind. Das Team von BMW M Motorsport arbeitet gut zusammen und ist hochmotiviert f\u00fcr das erste Rennen. Mit diesen Voraussetzungen stehen die Chancen auf Erfolge in der FIA World Endurance Championship gut.<\/p>\n","protected":false},"excerpt":{"rendered":"<p>BMW M Motorsport kehrt nach 25 Jahren Abwesenheit in die FIA World Endurance Championship zur\u00fcck. Mit zwei BMW M Hybrid V8-Prototypen werden sie in der Hypercar-Klasse bei den Qatar 1812 km antreten. Neben den Prototypen wird auch der BMW M4 GT3 in der LMGT3-Kategorie starten. Im BMW M Motorsport Media Guide finden sich detaillierte Informationen<\/p>\n<div class=\"read-more\"><a href=\"https:\/\/www.doppelklicker.de\/blog\/fia-wec-bmw-m-motorsport-media-guide-aktuelle-eindruecke-katar\/\" title=\"Jetzt alles lesen\">Jetzt alles lesen<\/a><\/div>\n","protected":false},"author":8,"featured_media":7487,"comment_status":"open","ping_status":"open","sticky":false,"template":"","format":"standard","meta":[],"categories":[3305],"tags":[],"yoast_head":"<!-- This site is optimized with the Yoast SEO plugin v18.2 - https:\/\/yoast.com\/wordpress\/plugins\/seo\/ -->\n<meta name=\"robots\" content=\"index, follow, max-snippet:-1, max-image-preview:large, max-video-preview:-1\" \/>\n<link rel=\"canonical\" href=\"https:\/\/www.doppelklicker.de\/blog\/fia-wec-bmw-m-motorsport-media-guide-aktuelle-eindruecke-katar\/\" \/>\n<meta property=\"og:locale\" content=\"de_DE\" \/>\n<meta property=\"og:type\" content=\"article\" \/>\n<meta property=\"og:title\" content=\"BMW M Motorsport kehrt in die FIA WEC zur\u00fcck: Spannende Rennen erwartet\" \/>\n<meta property=\"og:description\" content=\"BMW M Motorsport kehrt nach 25 Jahren Abwesenheit in die FIA World Endurance Championship zur\u00fcck. Mit zwei BMW M Hybrid V8-Prototypen werden sie in der Hypercar-Klasse bei den Qatar 1812 km antreten. Neben den Prototypen wird auch der BMW M4 GT3 in der LMGT3-Kategorie starten. Im BMW M Motorsport Media Guide finden sich detaillierte InformationenJetzt alles lesen\" \/>\n<meta property=\"og:url\" content=\"https:\/\/www.doppelklicker.de\/blog\/fia-wec-bmw-m-motorsport-media-guide-aktuelle-eindruecke-katar\/\" \/>\n<meta property=\"og:site_name\" content=\"Aus Mainz.\" \/>\n<meta property=\"article:published_time\" content=\"2024-03-01T07:00:00+00:00\" \/>\n<meta name=\"twitter:card\" content=\"summary_large_image\" \/>\n<meta name=\"twitter:label1\" content=\"Verfasst von\" \/>\n\t<meta name=\"twitter:data1\" content=\"Iris Martin\" \/>\n\t<meta name=\"twitter:label2\" content=\"Gesch\u00e4tzte Lesezeit\" \/>\n\t<meta name=\"twitter:data2\" content=\"2 Minuten\" \/>\n<script type=\"application\/ld+json\" class=\"yoast-schema-graph\">{\"@context\":\"https:\/\/schema.org\",\"@graph\":[{\"@type\":\"WebSite\",\"@id\":\"https:\/\/www.doppelklicker.de\/blog\/#website\",\"url\":\"https:\/\/www.doppelklicker.de\/blog\/\",\"name\":\"Aus Mainz.\",\"description\":\"F\u00fcr die Welt.\",\"potentialAction\":[{\"@type\":\"SearchAction\",\"target\":{\"@type\":\"EntryPoint\",\"urlTemplate\":\"https:\/\/www.doppelklicker.de\/blog\/?s={search_term_string}\"},\"query-input\":\"required name=search_term_string\"}],\"inLanguage\":\"de-DE\"},{\"@type\":\"ImageObject\",\"@id\":\"https:\/\/www.doppelklicker.de\/blog\/fia-wec-bmw-m-motorsport-media-guide-aktuelle-eindruecke-katar\/#primaryimage\",\"inLanguage\":\"de-DE\",\"url\":\"https:\/\/www.doppelklicker.de\/blog\/wp-content\/uploads\/2024\/03\/bmw-m-motorsport-kehrt-fia-wec-zurueck-spannende-rennen-20117.jpg\",\"contentUrl\":\"https:\/\/www.doppelklicker.de\/blog\/wp-content\/uploads\/2024\/03\/bmw-m-motorsport-kehrt-fia-wec-zurueck-spannende-rennen-20117.jpg\",\"width\":1280,\"height\":615,\"caption\":\"BMW M Motorsport kehrt in die FIA WEC zur\u00fcck: Spannende Rennen erwartet (Foto: BMW GROUP)\"},{\"@type\":\"WebPage\",\"@id\":\"https:\/\/www.doppelklicker.de\/blog\/fia-wec-bmw-m-motorsport-media-guide-aktuelle-eindruecke-katar\/#webpage\",\"url\":\"https:\/\/www.doppelklicker.de\/blog\/fia-wec-bmw-m-motorsport-media-guide-aktuelle-eindruecke-katar\/\",\"name\":\"BMW M Motorsport kehrt in die FIA WEC zur\u00fcck: Spannende Rennen erwartet\",\"isPartOf\":{\"@id\":\"https:\/\/www.doppelklicker.de\/blog\/#website\"},\"primaryImageOfPage\":{\"@id\":\"https:\/\/www.doppelklicker.de\/blog\/fia-wec-bmw-m-motorsport-media-guide-aktuelle-eindruecke-katar\/#primaryimage\"},\"datePublished\":\"2024-03-01T07:00:00+00:00\",\"dateModified\":\"2024-03-01T07:00:00+00:00\",\"author\":{\"@id\":\"https:\/\/www.doppelklicker.de\/blog\/#\/schema\/person\/08dcac172bdb025e8ff433488184668a\"},\"breadcrumb\":{\"@id\":\"https:\/\/www.doppelklicker.de\/blog\/fia-wec-bmw-m-motorsport-media-guide-aktuelle-eindruecke-katar\/#breadcrumb\"},\"inLanguage\":\"de-DE\",\"potentialAction\":[{\"@type\":\"ReadAction\",\"target\":[\"https:\/\/www.doppelklicker.de\/blog\/fia-wec-bmw-m-motorsport-media-guide-aktuelle-eindruecke-katar\/\"]}]},{\"@type\":\"BreadcrumbList\",\"@id\":\"https:\/\/www.doppelklicker.de\/blog\/fia-wec-bmw-m-motorsport-media-guide-aktuelle-eindruecke-katar\/#breadcrumb\",\"itemListElement\":[{\"@type\":\"ListItem\",\"position\":1,\"name\":\"Startseite\",\"item\":\"https:\/\/www.doppelklicker.de\/blog\/\"},{\"@type\":\"ListItem\",\"position\":2,\"name\":\"BMW M Motorsport kehrt in die FIA WEC zur\u00fcck: Spannende Rennen erwartet\"}]},{\"@type\":\"Person\",\"@id\":\"https:\/\/www.doppelklicker.de\/blog\/#\/schema\/person\/08dcac172bdb025e8ff433488184668a\",\"name\":\"Iris Martin\",\"image\":{\"@type\":\"ImageObject\",\"@id\":\"https:\/\/www.doppelklicker.de\/blog\/#personlogo\",\"inLanguage\":\"de-DE\",\"url\":\"https:\/\/secure.gravatar.com\/avatar\/82fdaa093be0b9686b531f99fcb54d15?s=96&d=wp_user_avatar&r=g\",\"contentUrl\":\"https:\/\/secure.gravatar.com\/avatar\/82fdaa093be0b9686b531f99fcb54d15?s=96&d=wp_user_avatar&r=g\",\"caption\":\"Iris Martin\"},\"url\":\"https:\/\/www.doppelklicker.de\/blog\/author\/iris-martin\/\"}]}<\/script>\n<!-- \/ Yoast SEO plugin. -->","yoast_head_json":{"robots":{"index":"index","follow":"follow","max-snippet":"max-snippet:-1","max-image-preview":"max-image-preview:large","max-video-preview":"max-video-preview:-1"},"canonical":"https:\/\/www.doppelklicker.de\/blog\/fia-wec-bmw-m-motorsport-media-guide-aktuelle-eindruecke-katar\/","og_locale":"de_DE","og_type":"article","og_title":"BMW M Motorsport kehrt in die FIA WEC zur\u00fcck: Spannende Rennen erwartet","og_description":"BMW M Motorsport kehrt nach 25 Jahren Abwesenheit in die FIA World Endurance Championship zur\u00fcck. Mit zwei BMW M Hybrid V8-Prototypen werden sie in der Hypercar-Klasse bei den Qatar 1812 km antreten. Neben den Prototypen wird auch der BMW M4 GT3 in der LMGT3-Kategorie starten. Im BMW M Motorsport Media Guide finden sich detaillierte InformationenJetzt alles lesen","og_url":"https:\/\/www.doppelklicker.de\/blog\/fia-wec-bmw-m-motorsport-media-guide-aktuelle-eindruecke-katar\/","og_site_name":"Aus Mainz.","article_published_time":"2024-03-01T07:00:00+00:00","twitter_card":"summary_large_image","twitter_misc":{"Verfasst von":"Iris Martin","Gesch\u00e4tzte Lesezeit":"2 Minuten"},"schema":{"@context":"https:\/\/schema.org","@graph":[{"@type":"WebSite","@id":"https:\/\/www.doppelklicker.de\/blog\/#website","url":"https:\/\/www.doppelklicker.de\/blog\/","name":"Aus Mainz.","description":"F\u00fcr die Welt.","potentialAction":[{"@type":"SearchAction","target":{"@type":"EntryPoint","urlTemplate":"https:\/\/www.doppelklicker.de\/blog\/?s={search_term_string}"},"query-input":"required name=search_term_string"}],"inLanguage":"de-DE"},{"@type":"ImageObject","@id":"https:\/\/www.doppelklicker.de\/blog\/fia-wec-bmw-m-motorsport-media-guide-aktuelle-eindruecke-katar\/#primaryimage","inLanguage":"de-DE","url":"https:\/\/www.doppelklicker.de\/blog\/wp-content\/uploads\/2024\/03\/bmw-m-motorsport-kehrt-fia-wec-zurueck-spannende-rennen-20117.jpg","contentUrl":"https:\/\/www.doppelklicker.de\/blog\/wp-content\/uploads\/2024\/03\/bmw-m-motorsport-kehrt-fia-wec-zurueck-spannende-rennen-20117.jpg","width":1280,"height":615,"caption":"BMW M Motorsport kehrt in die FIA WEC zur\u00fcck: Spannende Rennen erwartet (Foto: BMW GROUP)"},{"@type":"WebPage","@id":"https:\/\/www.doppelklicker.de\/blog\/fia-wec-bmw-m-motorsport-media-guide-aktuelle-eindruecke-katar\/#webpage","url":"https:\/\/www.doppelklicker.de\/blog\/fia-wec-bmw-m-motorsport-media-guide-aktuelle-eindruecke-katar\/","name":"BMW M Motorsport kehrt in die FIA WEC zur\u00fcck: Spannende Rennen erwartet","isPartOf":{"@id":"https:\/\/www.doppelklicker.de\/blog\/#website"},"primaryImageOfPage":{"@id":"https:\/\/www.doppelklicker.de\/blog\/fia-wec-bmw-m-motorsport-media-guide-aktuelle-eindruecke-katar\/#primaryimage"},"datePublished":"2024-03-01T07:00:00+00:00","dateModified":"2024-03-01T07:00:00+00:00","author":{"@id":"https:\/\/www.doppelklicker.de\/blog\/#\/schema\/person\/08dcac172bdb025e8ff433488184668a"},"breadcrumb":{"@id":"https:\/\/www.doppelklicker.de\/blog\/fia-wec-bmw-m-motorsport-media-guide-aktuelle-eindruecke-katar\/#breadcrumb"},"inLanguage":"de-DE","potentialAction":[{"@type":"ReadAction","target":["https:\/\/www.doppelklicker.de\/blog\/fia-wec-bmw-m-motorsport-media-guide-aktuelle-eindruecke-katar\/"]}]},{"@type":"BreadcrumbList","@id":"https:\/\/www.doppelklicker.de\/blog\/fia-wec-bmw-m-motorsport-media-guide-aktuelle-eindruecke-katar\/#breadcrumb","itemListElement":[{"@type":"ListItem","position":1,"name":"Startseite","item":"https:\/\/www.doppelklicker.de\/blog\/"},{"@type":"ListItem","position":2,"name":"BMW M Motorsport kehrt in die FIA WEC zur\u00fcck: Spannende Rennen erwartet"}]},{"@type":"Person","@id":"https:\/\/www.doppelklicker.de\/blog\/#\/schema\/person\/08dcac172bdb025e8ff433488184668a","name":"Iris Martin","image":{"@type":"ImageObject","@id":"https:\/\/www.doppelklicker.de\/blog\/#personlogo","inLanguage":"de-DE","url":"https:\/\/secure.gravatar.com\/avatar\/82fdaa093be0b9686b531f99fcb54d15?s=96&d=wp_user_avatar&r=g","contentUrl":"https:\/\/secure.gravatar.com\/avatar\/82fdaa093be0b9686b531f99fcb54d15?s=96&d=wp_user_avatar&r=g","caption":"Iris Martin"},"url":"https:\/\/www.doppelklicker.de\/blog\/author\/iris-martin\/"}]}},"_links":{"self":[{"href":"https:\/\/www.doppelklicker.de\/blog\/wp-json\/wp\/v2\/posts\/7485"}],"collection":[{"href":"https:\/\/www.doppelklicker.de\/blog\/wp-json\/wp\/v2\/posts"}],"about":[{"href":"https:\/\/www.doppelklicker.de\/blog\/wp-json\/wp\/v2\/types\/post"}],"author":[{"embeddable":true,"href":"https:\/\/www.doppelklicker.de\/blog\/wp-json\/wp\/v2\/users\/8"}],"replies":[{"embeddable":true,"href":"https:\/\/www.doppelklicker.de\/blog\/wp-json\/wp\/v2\/comments?post=7485"}],"version-history":[{"count":0,"href":"https:\/\/www.doppelklicker.de\/blog\/wp-json\/wp\/v2\/posts\/7485\/revisions"}],"wp:featuredmedia":[{"embeddable":true,"href":"https:\/\/www.doppelklicker.de\/blog\/wp-json\/wp\/v2\/media\/7487"}],"wp:attachment":[{"href":"https:\/\/www.doppelklicker.de\/blog\/wp-json\/wp\/v2\/media?parent=7485"}],"wp:term":[{"taxonomy":"category","embeddable":true,"href":"https:\/\/www.doppelklicker.de\/blog\/wp-json\/wp\/v2\/categories?post=7485"},{"taxonomy":"post_tag","embeddable":true,"href":"https:\/\/www.doppelklicker.de\/blog\/wp-json\/wp\/v2\/tags?post=7485"}],"curies":[{"name":"wp","href":"https:\/\/api.w.org\/{rel}","templated":true}]}}