{"id":7505,"date":"2024-03-25T00:00:00","date_gmt":"2024-03-24T22:00:00","guid":{"rendered":"guid"},"modified":"2024-03-25T00:00:00","modified_gmt":"2024-03-24T22:00:00","slug":"adam-willst-e-mal-beiss-deutsches-fastnachtmuseum","status":"publish","type":"post","link":"https:\/\/www.doppelklicker.de\/blog\/adam-willst-e-mal-beiss-deutsches-fastnachtmuseum\/","title":{"rendered":"Ein Abend voller Liebe, Lust und Literatur im Fastnachtmuseum"},"content":{"rendered":"<p>Am Freitag, den 19. April 2024, um 19 Uhr l\u00e4dt das Deutsche Fastnachtmuseum zu einem Abend ein, der im Zeichen von Liebe, Lust und Leidenschaft steht. Unter dem Titel &#8222;Adam, willst&#8220; e mal bei\u00df?&#8220; pr\u00e4sentieren Hans Driesel und Katrin Hesse eine Veranstaltung, die sich ganz dem zeitlosen Thema der Liebe widmet.<br \/>\n<!--more--><\/p>\n<div id=\"ez-toc-container\" class=\"ez-toc-v2_0_16 counter-hierarchy\">\n<div class=\"ez-toc-title-container\">\n<p class=\"ez-toc-title\">Inhaltsverzeichnis: Das erwartet Sie in diesem Artikel<\/p>\n<span class=\"ez-toc-title-toggle\"><a class=\"ez-toc-pull-right ez-toc-btn ez-toc-btn-xs ez-toc-btn-default ez-toc-toggle\" style=\"display: none;\"><i class=\"ez-toc-glyphicon ez-toc-icon-toggle\"><\/i><\/a><\/span><\/div>\n<nav><ul class=\"ez-toc-list ez-toc-list-level-1\"><li class=\"ez-toc-page-1 ez-toc-heading-level-2\"><a class=\"ez-toc-link ez-toc-heading-1\" href=\"https:\/\/www.doppelklicker.de\/blog\/adam-willst-e-mal-beiss-deutsches-fastnachtmuseum\/#lyrische-reise-durch-die-welt-der-liebesliteratur-im-mai\" title=\"Lyrische Reise durch die Welt der Liebesliteratur im Mai\">Lyrische Reise durch die Welt der Liebesliteratur im Mai<\/a><\/li><li class=\"ez-toc-page-1 ez-toc-heading-level-2\"><a class=\"ez-toc-link ez-toc-heading-2\" href=\"https:\/\/www.doppelklicker.de\/blog\/adam-willst-e-mal-beiss-deutsches-fastnachtmuseum\/#literatur-und-theater-vereint-ein-abend-der-liebe-im-fastnachtmuseum\" title=\"Literatur und Theater vereint: Ein Abend der Liebe im Fastnachtmuseum\">Literatur und Theater vereint: Ein Abend der Liebe im Fastnachtmuseum<\/a><\/li><li class=\"ez-toc-page-1 ez-toc-heading-level-2\"><a class=\"ez-toc-link ez-toc-heading-3\" href=\"https:\/\/www.doppelklicker.de\/blog\/adam-willst-e-mal-beiss-deutsches-fastnachtmuseum\/#eintrittspreise-und-kartenvorbestellung-fuer-veranstaltung-im-deutschen-fastnachtmuseum\" title=\"Eintrittspreise und Kartenvorbestellung f\u00fcr Veranstaltung im Deutschen Fastnachtmuseum\">Eintrittspreise und Kartenvorbestellung f\u00fcr Veranstaltung im Deutschen Fastnachtmuseum<\/a><\/li><li class=\"ez-toc-page-1 ez-toc-heading-level-2\"><a class=\"ez-toc-link ez-toc-heading-4\" href=\"https:\/\/www.doppelklicker.de\/blog\/adam-willst-e-mal-beiss-deutsches-fastnachtmuseum\/#ein-abend-voller-liebe-und-literatur-im-fastnachtmuseum\" title=\"Ein Abend voller Liebe und Literatur im Fastnachtmuseum\">Ein Abend voller Liebe und Literatur im Fastnachtmuseum<\/a><\/li><\/ul><\/nav><\/div>\n<h2><span class=\"ez-toc-section\" id=\"lyrische-reise-durch-die-welt-der-liebesliteratur-im-mai\"><\/span>Lyrische Reise durch die Welt der Liebesliteratur im Mai<span class=\"ez-toc-section-end\"><\/span><\/h2>\n<p>Bei der Veranstaltung im Deutschen Fastnachtmuseum tauchen die Besucher in die Welt der Liebesliteratur ein. Katrin Hesse und Hans Driesel pr\u00e4sentieren eine Mischung aus heiteren und nachdenklichen Gedichten und Geschichten, die sowohl in der klassischen Literatur als auch bei zeitgen\u00f6ssischen Dichtern zu finden sind. Von der hohen Klassik bis zur Gegenwart spannt sich der Bogen der vorgelesenen Texte. Auch die fr\u00e4nkische Mundartdichtung wird nicht vernachl\u00e4ssigt und erm\u00f6glicht den Besuchern einen Einblick in die regionale Kultur.<\/p>\n<h2><span class=\"ez-toc-section\" id=\"literatur-und-theater-vereint-ein-abend-der-liebe-im-fastnachtmuseum\"><\/span>Literatur und Theater vereint: Ein Abend der Liebe im Fastnachtmuseum<span class=\"ez-toc-section-end\"><\/span><\/h2>\n<p>Im Deutschen Fastnachtmuseum erwartet die Besucher eine Veranstaltung, die Literatur und Theater vereint. Bei der Lesung und Rezitation von Gedichten und Geschichten tauchen die Zuh\u00f6rer in die Welt der Liebe ein und k\u00f6nnen sich sowohl unterhalten lassen als auch zum Nachdenken angeregt werden. Die Kombination aus klassischer und zeitgen\u00f6ssischer Literatur verspricht eine abwechslungsreiche und spannende Darbietung.<\/p>\n<h2><span class=\"ez-toc-section\" id=\"eintrittspreise-und-kartenvorbestellung-fuer-veranstaltung-im-deutschen-fastnachtmuseum\"><\/span>Eintrittspreise und Kartenvorbestellung f\u00fcr Veranstaltung im Deutschen Fastnachtmuseum<span class=\"ez-toc-section-end\"><\/span><\/h2>\n<p>Der Eintrittspreis f\u00fcr die Veranstaltung betr\u00e4gt 12 Euro. F\u00fcr Sch\u00fcler und Studenten gibt es eine Erm\u00e4\u00dfigung von 6 Euro. Um sicherzustellen, dass Sie einen Platz bekommen, empfehlen wir eine Kartenvorbestellung. Sie k\u00f6nnen dies entweder telefonisch unter der Nummer 09321-23355 oder per E-Mail an info@deutsches-fastnachtmuseum.de tun.<\/p>\n<p>Durch den Erl\u00f6s der Veranstaltung wird die Museumsarbeit des Deutschen Fastnachtmuseums finanziell unterst\u00fctzt. Dadurch kann das Museum auch in Zukunft weiterhin spannende und kulturell wertvolle Veranstaltungen anbieten.<\/p>\n<h2><span class=\"ez-toc-section\" id=\"ein-abend-voller-liebe-und-literatur-im-fastnachtmuseum\"><\/span>Ein Abend voller Liebe und Literatur im Fastnachtmuseum<span class=\"ez-toc-section-end\"><\/span><\/h2>\n<p>Tauchen Sie ein in die faszinierende Welt der Liebe und Literatur bei der Veranstaltung &#8222;Adam, willst&#8216; e mal bei\u00df? Liebeslust und Liebesleid &#8211; volkst\u00fcmlich und klassisch&#8220; im Deutschen Fastnachtmuseum. Erleben Sie eine abwechslungsreiche Reise durch die Epochen, begleitet von den Stimmen von Hans Driesel und Katrin Hesse. Diese einzigartige Mischung aus klassischen und zeitgen\u00f6ssischen Texten wird Sie begeistern und zum Nachdenken anregen. Sichern Sie sich Ihre Karten rechtzeitig und genie\u00dfen Sie einen unvergesslichen Abend voller Romantik und Theater.<\/p>\n","protected":false},"excerpt":{"rendered":"<p>Am Freitag, den 19. April 2024, um 19 Uhr l\u00e4dt das Deutsche Fastnachtmuseum zu einem Abend ein, der im Zeichen von Liebe, Lust und Leidenschaft steht. Unter dem Titel &#8222;Adam, willst&#8220; e mal bei\u00df?&#8220; pr\u00e4sentieren Hans Driesel und Katrin Hesse eine Veranstaltung, die sich ganz dem zeitlosen Thema der Liebe widmet.<\/p>\n","protected":false},"author":8,"featured_media":7507,"comment_status":"open","ping_status":"open","sticky":false,"template":"","format":"standard","meta":[],"categories":[3305],"tags":[],"yoast_head":"<!-- This site is optimized with the Yoast SEO plugin v18.2 - https:\/\/yoast.com\/wordpress\/plugins\/seo\/ -->\n<meta name=\"robots\" content=\"index, follow, max-snippet:-1, max-image-preview:large, max-video-preview:-1\" \/>\n<link rel=\"canonical\" href=\"https:\/\/www.doppelklicker.de\/blog\/adam-willst-e-mal-beiss-deutsches-fastnachtmuseum\/\" \/>\n<meta property=\"og:locale\" content=\"de_DE\" \/>\n<meta property=\"og:type\" content=\"article\" \/>\n<meta property=\"og:title\" content=\"Ein Abend voller Liebe, Lust und Literatur im Fastnachtmuseum\" \/>\n<meta property=\"og:description\" content=\"Am Freitag, den 19. April 2024, um 19 Uhr l\u00e4dt das Deutsche Fastnachtmuseum zu einem Abend ein, der im Zeichen von Liebe, Lust und Leidenschaft steht. Unter dem Titel &#8222;Adam, willst&#8220; e mal bei\u00df?&#8220; pr\u00e4sentieren Hans Driesel und Katrin Hesse eine Veranstaltung, die sich ganz dem zeitlosen Thema der Liebe widmet.\" \/>\n<meta property=\"og:url\" content=\"https:\/\/www.doppelklicker.de\/blog\/adam-willst-e-mal-beiss-deutsches-fastnachtmuseum\/\" \/>\n<meta property=\"og:site_name\" content=\"Aus Mainz.\" \/>\n<meta property=\"article:published_time\" content=\"2024-03-24T22:00:00+00:00\" \/>\n<meta name=\"twitter:card\" content=\"summary_large_image\" \/>\n<meta name=\"twitter:label1\" content=\"Verfasst von\" \/>\n\t<meta name=\"twitter:data1\" content=\"Iris Martin\" \/>\n\t<meta name=\"twitter:label2\" content=\"Gesch\u00e4tzte Lesezeit\" \/>\n\t<meta name=\"twitter:data2\" content=\"2 Minuten\" \/>\n<script type=\"application\/ld+json\" class=\"yoast-schema-graph\">{\"@context\":\"https:\/\/schema.org\",\"@graph\":[{\"@type\":\"WebSite\",\"@id\":\"https:\/\/www.doppelklicker.de\/blog\/#website\",\"url\":\"https:\/\/www.doppelklicker.de\/blog\/\",\"name\":\"Aus Mainz.\",\"description\":\"F\u00fcr die Welt.\",\"potentialAction\":[{\"@type\":\"SearchAction\",\"target\":{\"@type\":\"EntryPoint\",\"urlTemplate\":\"https:\/\/www.doppelklicker.de\/blog\/?s={search_term_string}\"},\"query-input\":\"required name=search_term_string\"}],\"inLanguage\":\"de-DE\"},{\"@type\":\"ImageObject\",\"@id\":\"https:\/\/www.doppelklicker.de\/blog\/adam-willst-e-mal-beiss-deutsches-fastnachtmuseum\/#primaryimage\",\"inLanguage\":\"de-DE\",\"url\":\"https:\/\/www.doppelklicker.de\/blog\/wp-content\/uploads\/2024\/03\/abend-voller-liebe-lust-und-literatur-im-20179.jpg\",\"contentUrl\":\"https:\/\/www.doppelklicker.de\/blog\/wp-content\/uploads\/2024\/03\/abend-voller-liebe-lust-und-literatur-im-20179.jpg\",\"width\":1280,\"height\":615,\"caption\":\"Ein Abend voller Liebe, Lust und Literatur im Fastnachtmuseum (Foto: Carolin Christoph. DEUTSCHES FASTNACHTMUSEUM)\"},{\"@type\":\"WebPage\",\"@id\":\"https:\/\/www.doppelklicker.de\/blog\/adam-willst-e-mal-beiss-deutsches-fastnachtmuseum\/#webpage\",\"url\":\"https:\/\/www.doppelklicker.de\/blog\/adam-willst-e-mal-beiss-deutsches-fastnachtmuseum\/\",\"name\":\"Ein Abend voller Liebe, Lust und Literatur im Fastnachtmuseum\",\"isPartOf\":{\"@id\":\"https:\/\/www.doppelklicker.de\/blog\/#website\"},\"primaryImageOfPage\":{\"@id\":\"https:\/\/www.doppelklicker.de\/blog\/adam-willst-e-mal-beiss-deutsches-fastnachtmuseum\/#primaryimage\"},\"datePublished\":\"2024-03-24T22:00:00+00:00\",\"dateModified\":\"2024-03-24T22:00:00+00:00\",\"author\":{\"@id\":\"https:\/\/www.doppelklicker.de\/blog\/#\/schema\/person\/08dcac172bdb025e8ff433488184668a\"},\"breadcrumb\":{\"@id\":\"https:\/\/www.doppelklicker.de\/blog\/adam-willst-e-mal-beiss-deutsches-fastnachtmuseum\/#breadcrumb\"},\"inLanguage\":\"de-DE\",\"potentialAction\":[{\"@type\":\"ReadAction\",\"target\":[\"https:\/\/www.doppelklicker.de\/blog\/adam-willst-e-mal-beiss-deutsches-fastnachtmuseum\/\"]}]},{\"@type\":\"BreadcrumbList\",\"@id\":\"https:\/\/www.doppelklicker.de\/blog\/adam-willst-e-mal-beiss-deutsches-fastnachtmuseum\/#breadcrumb\",\"itemListElement\":[{\"@type\":\"ListItem\",\"position\":1,\"name\":\"Startseite\",\"item\":\"https:\/\/www.doppelklicker.de\/blog\/\"},{\"@type\":\"ListItem\",\"position\":2,\"name\":\"Ein Abend voller Liebe, Lust und Literatur im Fastnachtmuseum\"}]},{\"@type\":\"Person\",\"@id\":\"https:\/\/www.doppelklicker.de\/blog\/#\/schema\/person\/08dcac172bdb025e8ff433488184668a\",\"name\":\"Iris Martin\",\"image\":{\"@type\":\"ImageObject\",\"@id\":\"https:\/\/www.doppelklicker.de\/blog\/#personlogo\",\"inLanguage\":\"de-DE\",\"url\":\"https:\/\/secure.gravatar.com\/avatar\/82fdaa093be0b9686b531f99fcb54d15?s=96&d=wp_user_avatar&r=g\",\"contentUrl\":\"https:\/\/secure.gravatar.com\/avatar\/82fdaa093be0b9686b531f99fcb54d15?s=96&d=wp_user_avatar&r=g\",\"caption\":\"Iris Martin\"},\"url\":\"https:\/\/www.doppelklicker.de\/blog\/author\/iris-martin\/\"}]}<\/script>\n<!-- \/ Yoast SEO plugin. -->","yoast_head_json":{"robots":{"index":"index","follow":"follow","max-snippet":"max-snippet:-1","max-image-preview":"max-image-preview:large","max-video-preview":"max-video-preview:-1"},"canonical":"https:\/\/www.doppelklicker.de\/blog\/adam-willst-e-mal-beiss-deutsches-fastnachtmuseum\/","og_locale":"de_DE","og_type":"article","og_title":"Ein Abend voller Liebe, Lust und Literatur im Fastnachtmuseum","og_description":"Am Freitag, den 19. April 2024, um 19 Uhr l\u00e4dt das Deutsche Fastnachtmuseum zu einem Abend ein, der im Zeichen von Liebe, Lust und Leidenschaft steht. Unter dem Titel &#8222;Adam, willst&#8220; e mal bei\u00df?&#8220; pr\u00e4sentieren Hans Driesel und Katrin Hesse eine Veranstaltung, die sich ganz dem zeitlosen Thema der Liebe widmet.","og_url":"https:\/\/www.doppelklicker.de\/blog\/adam-willst-e-mal-beiss-deutsches-fastnachtmuseum\/","og_site_name":"Aus Mainz.","article_published_time":"2024-03-24T22:00:00+00:00","twitter_card":"summary_large_image","twitter_misc":{"Verfasst von":"Iris Martin","Gesch\u00e4tzte Lesezeit":"2 Minuten"},"schema":{"@context":"https:\/\/schema.org","@graph":[{"@type":"WebSite","@id":"https:\/\/www.doppelklicker.de\/blog\/#website","url":"https:\/\/www.doppelklicker.de\/blog\/","name":"Aus Mainz.","description":"F\u00fcr die Welt.","potentialAction":[{"@type":"SearchAction","target":{"@type":"EntryPoint","urlTemplate":"https:\/\/www.doppelklicker.de\/blog\/?s={search_term_string}"},"query-input":"required name=search_term_string"}],"inLanguage":"de-DE"},{"@type":"ImageObject","@id":"https:\/\/www.doppelklicker.de\/blog\/adam-willst-e-mal-beiss-deutsches-fastnachtmuseum\/#primaryimage","inLanguage":"de-DE","url":"https:\/\/www.doppelklicker.de\/blog\/wp-content\/uploads\/2024\/03\/abend-voller-liebe-lust-und-literatur-im-20179.jpg","contentUrl":"https:\/\/www.doppelklicker.de\/blog\/wp-content\/uploads\/2024\/03\/abend-voller-liebe-lust-und-literatur-im-20179.jpg","width":1280,"height":615,"caption":"Ein Abend voller Liebe, Lust und Literatur im Fastnachtmuseum (Foto: Carolin Christoph. DEUTSCHES FASTNACHTMUSEUM)"},{"@type":"WebPage","@id":"https:\/\/www.doppelklicker.de\/blog\/adam-willst-e-mal-beiss-deutsches-fastnachtmuseum\/#webpage","url":"https:\/\/www.doppelklicker.de\/blog\/adam-willst-e-mal-beiss-deutsches-fastnachtmuseum\/","name":"Ein Abend voller Liebe, Lust und Literatur im Fastnachtmuseum","isPartOf":{"@id":"https:\/\/www.doppelklicker.de\/blog\/#website"},"primaryImageOfPage":{"@id":"https:\/\/www.doppelklicker.de\/blog\/adam-willst-e-mal-beiss-deutsches-fastnachtmuseum\/#primaryimage"},"datePublished":"2024-03-24T22:00:00+00:00","dateModified":"2024-03-24T22:00:00+00:00","author":{"@id":"https:\/\/www.doppelklicker.de\/blog\/#\/schema\/person\/08dcac172bdb025e8ff433488184668a"},"breadcrumb":{"@id":"https:\/\/www.doppelklicker.de\/blog\/adam-willst-e-mal-beiss-deutsches-fastnachtmuseum\/#breadcrumb"},"inLanguage":"de-DE","potentialAction":[{"@type":"ReadAction","target":["https:\/\/www.doppelklicker.de\/blog\/adam-willst-e-mal-beiss-deutsches-fastnachtmuseum\/"]}]},{"@type":"BreadcrumbList","@id":"https:\/\/www.doppelklicker.de\/blog\/adam-willst-e-mal-beiss-deutsches-fastnachtmuseum\/#breadcrumb","itemListElement":[{"@type":"ListItem","position":1,"name":"Startseite","item":"https:\/\/www.doppelklicker.de\/blog\/"},{"@type":"ListItem","position":2,"name":"Ein Abend voller Liebe, Lust und Literatur im Fastnachtmuseum"}]},{"@type":"Person","@id":"https:\/\/www.doppelklicker.de\/blog\/#\/schema\/person\/08dcac172bdb025e8ff433488184668a","name":"Iris Martin","image":{"@type":"ImageObject","@id":"https:\/\/www.doppelklicker.de\/blog\/#personlogo","inLanguage":"de-DE","url":"https:\/\/secure.gravatar.com\/avatar\/82fdaa093be0b9686b531f99fcb54d15?s=96&d=wp_user_avatar&r=g","contentUrl":"https:\/\/secure.gravatar.com\/avatar\/82fdaa093be0b9686b531f99fcb54d15?s=96&d=wp_user_avatar&r=g","caption":"Iris Martin"},"url":"https:\/\/www.doppelklicker.de\/blog\/author\/iris-martin\/"}]}},"_links":{"self":[{"href":"https:\/\/www.doppelklicker.de\/blog\/wp-json\/wp\/v2\/posts\/7505"}],"collection":[{"href":"https:\/\/www.doppelklicker.de\/blog\/wp-json\/wp\/v2\/posts"}],"about":[{"href":"https:\/\/www.doppelklicker.de\/blog\/wp-json\/wp\/v2\/types\/post"}],"author":[{"embeddable":true,"href":"https:\/\/www.doppelklicker.de\/blog\/wp-json\/wp\/v2\/users\/8"}],"replies":[{"embeddable":true,"href":"https:\/\/www.doppelklicker.de\/blog\/wp-json\/wp\/v2\/comments?post=7505"}],"version-history":[{"count":0,"href":"https:\/\/www.doppelklicker.de\/blog\/wp-json\/wp\/v2\/posts\/7505\/revisions"}],"wp:featuredmedia":[{"embeddable":true,"href":"https:\/\/www.doppelklicker.de\/blog\/wp-json\/wp\/v2\/media\/7507"}],"wp:attachment":[{"href":"https:\/\/www.doppelklicker.de\/blog\/wp-json\/wp\/v2\/media?parent=7505"}],"wp:term":[{"taxonomy":"category","embeddable":true,"href":"https:\/\/www.doppelklicker.de\/blog\/wp-json\/wp\/v2\/categories?post=7505"},{"taxonomy":"post_tag","embeddable":true,"href":"https:\/\/www.doppelklicker.de\/blog\/wp-json\/wp\/v2\/tags?post=7505"}],"curies":[{"name":"wp","href":"https:\/\/api.w.org\/{rel}","templated":true}]}}