{"id":7570,"date":"2024-04-22T09:00:00","date_gmt":"2024-04-22T07:00:00","guid":{"rendered":"guid"},"modified":"2024-04-22T09:00:00","modified_gmt":"2024-04-22T07:00:00","slug":"canon-imageprograf-pro-grossformatdrucker-fuer-professionelle-fotografie","status":"publish","type":"post","link":"https:\/\/www.doppelklicker.de\/blog\/canon-imageprograf-pro-grossformatdrucker-fuer-professionelle-fotografie\/","title":{"rendered":"H\u00f6here Produktivit\u00e4t: Neue imagePROGRAF PRO-Serie von Canon"},"content":{"rendered":"<p>Canon pr\u00e4sentiert eine neue Serie von imagePROGRAF PRO-Gro\u00dfformatdruckern, die mit einer herausragenden Bildqualit\u00e4t und einer erh\u00f6hten UV-Best\u00e4ndigkeit \u00fcberzeugen. Die Modelle PRO-6600, PRO-4600 und PRO-2600 wurden gezielt f\u00fcr den Foto- und Kunstmarkt entwickelt und bieten mit dem Pigmenttintenset LUCIA PRO II die bisher beste Fotodruckqualit\u00e4t aller imagePROGRAF-Modelle. Durch die Verwendung dieser Drucker k\u00f6nnen Fotografen und K\u00fcnstler sicher sein, dass ihre Werke in einer beeindruckenden Qualit\u00e4t gedruckt werden.<br \/>\n<!--more--><\/p>\n<div id=\"ez-toc-container\" class=\"ez-toc-v2_0_16 counter-hierarchy\">\n<div class=\"ez-toc-title-container\">\n<p class=\"ez-toc-title\">Inhaltsverzeichnis: Das erwartet Sie in diesem Artikel<\/p>\n<span class=\"ez-toc-title-toggle\"><a class=\"ez-toc-pull-right ez-toc-btn ez-toc-btn-xs ez-toc-btn-default ez-toc-toggle\" style=\"display: none;\"><i class=\"ez-toc-glyphicon ez-toc-icon-toggle\"><\/i><\/a><\/span><\/div>\n<nav><ul class=\"ez-toc-list ez-toc-list-level-1\"><li class=\"ez-toc-page-1 ez-toc-heading-level-2\"><a class=\"ez-toc-link ez-toc-heading-1\" href=\"https:\/\/www.doppelklicker.de\/blog\/canon-imageprograf-pro-grossformatdrucker-fuer-professionelle-fotografie\/#mehr-details-in-grauschattierungen-durch-neue-zwoelf-farben-serie\" title=\"Mehr Details in Grauschattierungen durch neue zw\u00f6lf-Farben-Serie\">Mehr Details in Grauschattierungen durch neue zw\u00f6lf-Farben-Serie<\/a><\/li><li class=\"ez-toc-page-1 ez-toc-heading-level-2\"><a class=\"ez-toc-link ez-toc-heading-2\" href=\"https:\/\/www.doppelklicker.de\/blog\/canon-imageprograf-pro-grossformatdrucker-fuer-professionelle-fotografie\/#foto-und-kunstdrucke-bleiben-dank-lucia-pro-ii-tintenset-farbecht\" title=\"Foto- und Kunstdrucke bleiben dank LUCIA PRO II-Tintenset farbecht\">Foto- und Kunstdrucke bleiben dank LUCIA PRO II-Tintenset farbecht<\/a><\/li><li class=\"ez-toc-page-1 ez-toc-heading-level-2\"><a class=\"ez-toc-link ez-toc-heading-3\" href=\"https:\/\/www.doppelklicker.de\/blog\/canon-imageprograf-pro-grossformatdrucker-fuer-professionelle-fotografie\/#benutzerfreundlichkeit-und-zeitersparnis-imageprograf-pro-serie-fuer-druckdienstleister\" title=\"Benutzerfreundlichkeit und Zeitersparnis: imagePROGRAF PRO-Serie f\u00fcr Druckdienstleister\">Benutzerfreundlichkeit und Zeitersparnis: imagePROGRAF PRO-Serie f\u00fcr Druckdienstleister<\/a><\/li><li class=\"ez-toc-page-1 ez-toc-heading-level-2\"><a class=\"ez-toc-link ez-toc-heading-4\" href=\"https:\/\/www.doppelklicker.de\/blog\/canon-imageprograf-pro-grossformatdrucker-fuer-professionelle-fotografie\/#canon-setzt-auf-nachhaltigkeit-weniger-styropor-und-stromverbrauch-bei-druckern\" title=\"Canon setzt auf Nachhaltigkeit: Weniger Styropor und Stromverbrauch bei Druckern\">Canon setzt auf Nachhaltigkeit: Weniger Styropor und Stromverbrauch bei Druckern<\/a><\/li><li class=\"ez-toc-page-1 ez-toc-heading-level-2\"><a class=\"ez-toc-link ez-toc-heading-5\" href=\"https:\/\/www.doppelklicker.de\/blog\/canon-imageprograf-pro-grossformatdrucker-fuer-professionelle-fotografie\/#erweitern-sie-ihr-angebot-neue-imageprograf-pro-grossformatdrucker-fuer-fotografen\" title=\"Erweitern Sie Ihr Angebot: Neue imagePROGRAF PRO-Gro\u00dfformatdrucker f\u00fcr Fotografen\">Erweitern Sie Ihr Angebot: Neue imagePROGRAF PRO-Gro\u00dfformatdrucker f\u00fcr Fotografen<\/a><\/li><\/ul><\/nav><\/div>\n<h2><span class=\"ez-toc-section\" id=\"mehr-details-in-grauschattierungen-durch-neue-zwoelf-farben-serie\"><\/span>Mehr Details in Grauschattierungen durch neue zw\u00f6lf-Farben-Serie<span class=\"ez-toc-section-end\"><\/span><\/h2>\n<p>Die neue zw\u00f6lf-Farben-Serie der imagePROGRAF PRO-Gro\u00dfformatdrucker von Canon setzt neue Ma\u00dfst\u00e4be in Sachen Bildqualit\u00e4t und Farbtreue. Durch die Verwendung des LUCIA PRO II-Tintensets mit mattschwarzer Tinte und einer optimierten Farbanpassungstabelle werden dunkle Farbt\u00f6ne und Schwarzdichte auf Fine-Art-Papieren besonders pr\u00e4zise wiedergegeben. Zudem werden Grauschattierungen detailreicher und nat\u00fcrlicher dargestellt. Die neuen Modelle erm\u00f6glichen Fotografen und K\u00fcnstlern die Drucke ihrer Werke in bestm\u00f6glicher Qualit\u00e4t.<\/p>\n<h2><span class=\"ez-toc-section\" id=\"foto-und-kunstdrucke-bleiben-dank-lucia-pro-ii-tintenset-farbecht\"><\/span>Foto- und Kunstdrucke bleiben dank LUCIA PRO II-Tintenset farbecht<span class=\"ez-toc-section-end\"><\/span><\/h2>\n<p>Durch das fortschrittliche LUCIA PRO II-Tintenset von Canon werden die Drucke widerstandsf\u00e4higer gegen \u00e4u\u00dfere Einfl\u00fcsse wie UV-Strahlung. Dies erm\u00f6glicht eine langfristige Konservierung von Foto- und Kunstdrucken auf Canon Photo Paper Pro Platinum, ohne dass die Farben verblassen, selbst nach 200 Jahren.<\/p>\n<h2><span class=\"ez-toc-section\" id=\"benutzerfreundlichkeit-und-zeitersparnis-imageprograf-pro-serie-fuer-druckdienstleister\"><\/span>Benutzerfreundlichkeit und Zeitersparnis: imagePROGRAF PRO-Serie f\u00fcr Druckdienstleister<span class=\"ez-toc-section-end\"><\/span><\/h2>\n<p>Die neue imagePROGRAF PRO-Serie \u00fcberzeugt mit ihrer Benutzerfreundlichkeit und erh\u00f6hten Produktivit\u00e4t. Das Tintenstand\u00fcberwachungssystem erm\u00f6glicht eine pr\u00e4zise \u00dcberwachung des Tintenverbrauchs, w\u00e4hrend die vereinfachten Einstellungen und die einfache Medienhandhabung die Bedienung erleichtern. Dank der Doppelrollenfunktion k\u00f6nnen Druckdienstleister problemlos zwischen verschiedenen Medientypen und -gr\u00f6\u00dfen wechseln, ohne die Rolle wechseln zu m\u00fcssen. Zus\u00e4tzlich wurde die Medienladezeit um beeindruckende 40 Prozent reduziert, was zu einer deutlichen Steigerung der Produktivit\u00e4t f\u00fchrt.<\/p>\n<h2><span class=\"ez-toc-section\" id=\"canon-setzt-auf-nachhaltigkeit-weniger-styropor-und-stromverbrauch-bei-druckern\"><\/span>Canon setzt auf Nachhaltigkeit: Weniger Styropor und Stromverbrauch bei Druckern<span class=\"ez-toc-section-end\"><\/span><\/h2>\n<p>Um den \u00f6kologischen Fu\u00dfabdruck seiner Produkte zu minimieren, hat Canon bei der neuen imagePROGRAF PRO-Serie umweltfreundliche Ma\u00dfnahmen ergriffen. Durch den reduzierten Einsatz von Verpackungs-Styropor wird weniger Abfall produziert und die Umweltbelastung verringert. Zudem sind die Drucker energieeffizienter, was zu einem geringeren Stromverbrauch f\u00fchrt. Die Anerkennung mit der &#8222;Gold&#8220;-Produktbewertung im EPEAT-Register best\u00e4tigt das Engagement von Canon f\u00fcr Nachhaltigkeit.<\/p>\n<h2><span class=\"ez-toc-section\" id=\"erweitern-sie-ihr-angebot-neue-imageprograf-pro-grossformatdrucker-fuer-fotografen\"><\/span>Erweitern Sie Ihr Angebot: Neue imagePROGRAF PRO-Gro\u00dfformatdrucker f\u00fcr Fotografen<span class=\"ez-toc-section-end\"><\/span><\/h2>\n<p>Mit den neuen imagePROGRAF PRO-Gro\u00dfformatdruckern von Canon erhalten Nutzer eine herausragende Bildqualit\u00e4t, verbesserte UV-Best\u00e4ndigkeit und eine gesteigerte Produktivit\u00e4t. Fotografen haben die M\u00f6glichkeit, ihr Portfolio zu erweitern und behalten die volle Kontrolle \u00fcber die Qualit\u00e4t ihrer Ausdrucke. Druckdienstleister profitieren von einem vereinfachten Medienhandling und schnelleren Arbeitsabl\u00e4ufen. Die Serie \u00fcberzeugt mit ihrem Slogan &#8222;Excellence in Quality&#8220; und wird auch Endkunden begeistern, die von den beeindruckenden Druckergebnissen profitieren werden.<\/p>\n<p>Die imagePROGRAF GP-Serie von Canon er\u00f6ffnet Druckdienstleistern und professionellen Anwendern neue M\u00f6glichkeiten im Gro\u00dfformatdruck. Mit sieben Farben und drei Modellen bietet die Serie eine hohe Flexibilit\u00e4t und erm\u00f6glicht die Umsetzung verschiedenster Druckprojekte. Die GP-Serie zeichnet sich durch ihre erstklassige Druckqualit\u00e4t, einfache Bedienung und hohe Produktivit\u00e4t aus. Sie ist ideal f\u00fcr den Einsatz in Druckereien, Fotostudios und Grafikdesign-Agenturen geeignet.<\/p>\n","protected":false},"excerpt":{"rendered":"<p>Canon pr\u00e4sentiert eine neue Serie von imagePROGRAF PRO-Gro\u00dfformatdruckern, die mit einer herausragenden Bildqualit\u00e4t und einer erh\u00f6hten UV-Best\u00e4ndigkeit \u00fcberzeugen. Die Modelle PRO-6600, PRO-4600 und PRO-2600 wurden gezielt f\u00fcr den Foto- und Kunstmarkt entwickelt und bieten mit dem Pigmenttintenset LUCIA PRO II die bisher beste Fotodruckqualit\u00e4t aller imagePROGRAF-Modelle. Durch die Verwendung dieser Drucker k\u00f6nnen Fotografen und K\u00fcnstler<\/p>\n<div class=\"read-more\"><a href=\"https:\/\/www.doppelklicker.de\/blog\/canon-imageprograf-pro-grossformatdrucker-fuer-professionelle-fotografie\/\" title=\"Jetzt alles lesen\">Jetzt alles lesen<\/a><\/div>\n","protected":false},"author":8,"featured_media":7571,"comment_status":"open","ping_status":"open","sticky":false,"template":"","format":"standard","meta":[],"categories":[3305],"tags":[],"yoast_head":"<!-- This site is optimized with the Yoast SEO plugin v18.2 - https:\/\/yoast.com\/wordpress\/plugins\/seo\/ -->\n<meta name=\"robots\" content=\"index, follow, max-snippet:-1, max-image-preview:large, max-video-preview:-1\" \/>\n<meta property=\"og:locale\" content=\"de_DE\" \/>\n<meta property=\"og:type\" content=\"article\" \/>\n<meta property=\"og:title\" content=\"H\u00f6here Produktivit\u00e4t: Neue imagePROGRAF PRO-Serie von Canon\" \/>\n<meta property=\"og:description\" content=\"Canon pr\u00e4sentiert eine neue Serie von imagePROGRAF PRO-Gro\u00dfformatdruckern, die mit einer herausragenden Bildqualit\u00e4t und einer erh\u00f6hten UV-Best\u00e4ndigkeit \u00fcberzeugen. Die Modelle PRO-6600, PRO-4600 und PRO-2600 wurden gezielt f\u00fcr den Foto- und Kunstmarkt entwickelt und bieten mit dem Pigmenttintenset LUCIA PRO II die bisher beste Fotodruckqualit\u00e4t aller imagePROGRAF-Modelle. Durch die Verwendung dieser Drucker k\u00f6nnen Fotografen und K\u00fcnstlerJetzt alles lesen\" \/>\n<meta property=\"og:url\" content=\"https:\/\/www.doppelklicker.de\/blog\/?p=7570\" \/>\n<meta property=\"og:site_name\" content=\"Aus Mainz.\" \/>\n<meta property=\"article:published_time\" content=\"2024-04-22T07:00:00+00:00\" \/>\n<meta property=\"og:image\" content=\"https:\/\/www.doppelklicker.de\/blog\/wp-content\/uploads\/2024\/04\/neue-imageprograf-pro-grossformatdrucker-bessere-bildqualitaet-und-20409.jpg\" \/>\n\t<meta property=\"og:image:width\" content=\"1280\" \/>\n\t<meta property=\"og:image:height\" content=\"615\" \/>\n\t<meta property=\"og:image:type\" content=\"image\/jpeg\" \/>\n<meta name=\"twitter:card\" content=\"summary_large_image\" \/>\n<meta name=\"twitter:label1\" content=\"Verfasst von\" \/>\n\t<meta name=\"twitter:data1\" content=\"Iris Martin\" \/>\n\t<meta name=\"twitter:label2\" content=\"Gesch\u00e4tzte Lesezeit\" \/>\n\t<meta name=\"twitter:data2\" content=\"3 Minuten\" \/>\n<script type=\"application\/ld+json\" class=\"yoast-schema-graph\">{\"@context\":\"https:\/\/schema.org\",\"@graph\":[{\"@type\":\"WebSite\",\"@id\":\"https:\/\/www.doppelklicker.de\/blog\/#website\",\"url\":\"https:\/\/www.doppelklicker.de\/blog\/\",\"name\":\"Aus Mainz.\",\"description\":\"F\u00fcr die Welt.\",\"potentialAction\":[{\"@type\":\"SearchAction\",\"target\":{\"@type\":\"EntryPoint\",\"urlTemplate\":\"https:\/\/www.doppelklicker.de\/blog\/?s={search_term_string}\"},\"query-input\":\"required name=search_term_string\"}],\"inLanguage\":\"de-DE\"},{\"@type\":\"ImageObject\",\"@id\":\"https:\/\/www.doppelklicker.de\/blog\/?p=7570#primaryimage\",\"inLanguage\":\"de-DE\",\"url\":\"https:\/\/www.doppelklicker.de\/blog\/wp-content\/uploads\/2024\/04\/neue-imageprograf-pro-grossformatdrucker-bessere-bildqualitaet-und-20409.jpg\",\"contentUrl\":\"https:\/\/www.doppelklicker.de\/blog\/wp-content\/uploads\/2024\/04\/neue-imageprograf-pro-grossformatdrucker-bessere-bildqualitaet-und-20409.jpg\",\"width\":1280,\"height\":615,\"caption\":\"H\u00f6here Produktivit\u00e4t: Neue imagePROGRAF PRO-Serie von Canon (Foto: Canon)\"},{\"@type\":\"WebPage\",\"@id\":\"https:\/\/www.doppelklicker.de\/blog\/?p=7570#webpage\",\"url\":\"https:\/\/www.doppelklicker.de\/blog\/?p=7570\",\"name\":\"H\u00f6here Produktivit\u00e4t: Neue imagePROGRAF PRO-Serie von Canon\",\"isPartOf\":{\"@id\":\"https:\/\/www.doppelklicker.de\/blog\/#website\"},\"primaryImageOfPage\":{\"@id\":\"https:\/\/www.doppelklicker.de\/blog\/?p=7570#primaryimage\"},\"datePublished\":\"2024-04-22T07:00:00+00:00\",\"dateModified\":\"2024-04-22T07:00:00+00:00\",\"author\":{\"@id\":\"https:\/\/www.doppelklicker.de\/blog\/#\/schema\/person\/08dcac172bdb025e8ff433488184668a\"},\"breadcrumb\":{\"@id\":\"https:\/\/www.doppelklicker.de\/blog\/?p=7570#breadcrumb\"},\"inLanguage\":\"de-DE\",\"potentialAction\":[{\"@type\":\"ReadAction\",\"target\":[\"https:\/\/www.doppelklicker.de\/blog\/?p=7570\"]}]},{\"@type\":\"BreadcrumbList\",\"@id\":\"https:\/\/www.doppelklicker.de\/blog\/?p=7570#breadcrumb\",\"itemListElement\":[{\"@type\":\"ListItem\",\"position\":1,\"name\":\"Startseite\",\"item\":\"https:\/\/www.doppelklicker.de\/blog\/\"},{\"@type\":\"ListItem\",\"position\":2,\"name\":\"H\u00f6here Produktivit\u00e4t: Neue imagePROGRAF PRO-Serie von Canon\"}]},{\"@type\":\"Person\",\"@id\":\"https:\/\/www.doppelklicker.de\/blog\/#\/schema\/person\/08dcac172bdb025e8ff433488184668a\",\"name\":\"Iris Martin\",\"image\":{\"@type\":\"ImageObject\",\"@id\":\"https:\/\/www.doppelklicker.de\/blog\/#personlogo\",\"inLanguage\":\"de-DE\",\"url\":\"https:\/\/secure.gravatar.com\/avatar\/82fdaa093be0b9686b531f99fcb54d15?s=96&d=wp_user_avatar&r=g\",\"contentUrl\":\"https:\/\/secure.gravatar.com\/avatar\/82fdaa093be0b9686b531f99fcb54d15?s=96&d=wp_user_avatar&r=g\",\"caption\":\"Iris Martin\"},\"url\":\"https:\/\/www.doppelklicker.de\/blog\/author\/iris-martin\/\"}]}<\/script>\n<!-- \/ Yoast SEO plugin. -->","yoast_head_json":{"robots":{"index":"index","follow":"follow","max-snippet":"max-snippet:-1","max-image-preview":"max-image-preview:large","max-video-preview":"max-video-preview:-1"},"og_locale":"de_DE","og_type":"article","og_title":"H\u00f6here Produktivit\u00e4t: Neue imagePROGRAF PRO-Serie von Canon","og_description":"Canon pr\u00e4sentiert eine neue Serie von imagePROGRAF PRO-Gro\u00dfformatdruckern, die mit einer herausragenden Bildqualit\u00e4t und einer erh\u00f6hten UV-Best\u00e4ndigkeit \u00fcberzeugen. Die Modelle PRO-6600, PRO-4600 und PRO-2600 wurden gezielt f\u00fcr den Foto- und Kunstmarkt entwickelt und bieten mit dem Pigmenttintenset LUCIA PRO II die bisher beste Fotodruckqualit\u00e4t aller imagePROGRAF-Modelle. Durch die Verwendung dieser Drucker k\u00f6nnen Fotografen und K\u00fcnstlerJetzt alles lesen","og_url":"https:\/\/www.doppelklicker.de\/blog\/?p=7570","og_site_name":"Aus Mainz.","article_published_time":"2024-04-22T07:00:00+00:00","og_image":[{"width":1280,"height":615,"url":"https:\/\/www.doppelklicker.de\/blog\/wp-content\/uploads\/2024\/04\/neue-imageprograf-pro-grossformatdrucker-bessere-bildqualitaet-und-20409.jpg","type":"image\/jpeg"}],"twitter_card":"summary_large_image","twitter_misc":{"Verfasst von":"Iris Martin","Gesch\u00e4tzte Lesezeit":"3 Minuten"},"schema":{"@context":"https:\/\/schema.org","@graph":[{"@type":"WebSite","@id":"https:\/\/www.doppelklicker.de\/blog\/#website","url":"https:\/\/www.doppelklicker.de\/blog\/","name":"Aus Mainz.","description":"F\u00fcr die Welt.","potentialAction":[{"@type":"SearchAction","target":{"@type":"EntryPoint","urlTemplate":"https:\/\/www.doppelklicker.de\/blog\/?s={search_term_string}"},"query-input":"required name=search_term_string"}],"inLanguage":"de-DE"},{"@type":"ImageObject","@id":"https:\/\/www.doppelklicker.de\/blog\/?p=7570#primaryimage","inLanguage":"de-DE","url":"https:\/\/www.doppelklicker.de\/blog\/wp-content\/uploads\/2024\/04\/neue-imageprograf-pro-grossformatdrucker-bessere-bildqualitaet-und-20409.jpg","contentUrl":"https:\/\/www.doppelklicker.de\/blog\/wp-content\/uploads\/2024\/04\/neue-imageprograf-pro-grossformatdrucker-bessere-bildqualitaet-und-20409.jpg","width":1280,"height":615,"caption":"H\u00f6here Produktivit\u00e4t: Neue imagePROGRAF PRO-Serie von Canon (Foto: Canon)"},{"@type":"WebPage","@id":"https:\/\/www.doppelklicker.de\/blog\/?p=7570#webpage","url":"https:\/\/www.doppelklicker.de\/blog\/?p=7570","name":"H\u00f6here Produktivit\u00e4t: Neue imagePROGRAF PRO-Serie von Canon","isPartOf":{"@id":"https:\/\/www.doppelklicker.de\/blog\/#website"},"primaryImageOfPage":{"@id":"https:\/\/www.doppelklicker.de\/blog\/?p=7570#primaryimage"},"datePublished":"2024-04-22T07:00:00+00:00","dateModified":"2024-04-22T07:00:00+00:00","author":{"@id":"https:\/\/www.doppelklicker.de\/blog\/#\/schema\/person\/08dcac172bdb025e8ff433488184668a"},"breadcrumb":{"@id":"https:\/\/www.doppelklicker.de\/blog\/?p=7570#breadcrumb"},"inLanguage":"de-DE","potentialAction":[{"@type":"ReadAction","target":["https:\/\/www.doppelklicker.de\/blog\/?p=7570"]}]},{"@type":"BreadcrumbList","@id":"https:\/\/www.doppelklicker.de\/blog\/?p=7570#breadcrumb","itemListElement":[{"@type":"ListItem","position":1,"name":"Startseite","item":"https:\/\/www.doppelklicker.de\/blog\/"},{"@type":"ListItem","position":2,"name":"H\u00f6here Produktivit\u00e4t: Neue imagePROGRAF PRO-Serie von Canon"}]},{"@type":"Person","@id":"https:\/\/www.doppelklicker.de\/blog\/#\/schema\/person\/08dcac172bdb025e8ff433488184668a","name":"Iris Martin","image":{"@type":"ImageObject","@id":"https:\/\/www.doppelklicker.de\/blog\/#personlogo","inLanguage":"de-DE","url":"https:\/\/secure.gravatar.com\/avatar\/82fdaa093be0b9686b531f99fcb54d15?s=96&d=wp_user_avatar&r=g","contentUrl":"https:\/\/secure.gravatar.com\/avatar\/82fdaa093be0b9686b531f99fcb54d15?s=96&d=wp_user_avatar&r=g","caption":"Iris Martin"},"url":"https:\/\/www.doppelklicker.de\/blog\/author\/iris-martin\/"}]}},"_links":{"self":[{"href":"https:\/\/www.doppelklicker.de\/blog\/wp-json\/wp\/v2\/posts\/7570"}],"collection":[{"href":"https:\/\/www.doppelklicker.de\/blog\/wp-json\/wp\/v2\/posts"}],"about":[{"href":"https:\/\/www.doppelklicker.de\/blog\/wp-json\/wp\/v2\/types\/post"}],"author":[{"embeddable":true,"href":"https:\/\/www.doppelklicker.de\/blog\/wp-json\/wp\/v2\/users\/8"}],"replies":[{"embeddable":true,"href":"https:\/\/www.doppelklicker.de\/blog\/wp-json\/wp\/v2\/comments?post=7570"}],"version-history":[{"count":0,"href":"https:\/\/www.doppelklicker.de\/blog\/wp-json\/wp\/v2\/posts\/7570\/revisions"}],"wp:featuredmedia":[{"embeddable":true,"href":"https:\/\/www.doppelklicker.de\/blog\/wp-json\/wp\/v2\/media\/7571"}],"wp:attachment":[{"href":"https:\/\/www.doppelklicker.de\/blog\/wp-json\/wp\/v2\/media?parent=7570"}],"wp:term":[{"taxonomy":"category","embeddable":true,"href":"https:\/\/www.doppelklicker.de\/blog\/wp-json\/wp\/v2\/categories?post=7570"},{"taxonomy":"post_tag","embeddable":true,"href":"https:\/\/www.doppelklicker.de\/blog\/wp-json\/wp\/v2\/tags?post=7570"}],"curies":[{"name":"wp","href":"https:\/\/api.w.org\/{rel}","templated":true}]}}