{"id":8474,"date":"2024-07-02T08:00:00","date_gmt":"2024-07-02T06:00:00","guid":{"rendered":"guid"},"modified":"2024-07-02T08:00:00","modified_gmt":"2024-07-02T06:00:00","slug":"augustiner-braeu-setzt-auf-elektrische-lkw-von-volvo-trucks","status":"publish","type":"post","link":"https:\/\/www.doppelklicker.de\/blog\/augustiner-braeu-setzt-auf-elektrische-lkw-von-volvo-trucks\/","title":{"rendered":"Nachhaltige Logistik: Augustiner-Br\u00e4u setzt auf Volvo Elektro-Lkw"},"content":{"rendered":"<p>Die M\u00fcnchner Traditionsbrauerei Augustiner-Br\u00e4u hat ihre Abf\u00fcllanlage am Stadtrand mit elektrischen Lkw von Volvo Trucks ausgestattet, um den Transport des frisch gebrauten Bieres zwischen der Brauerei in der M\u00fcnchner Innenstadt und der Abf\u00fcllanlage in Freiham zu optimieren. Seit Anfang Januar 2024 sind die beiden Volvo FM Electric Lkw im Einsatz und erm\u00f6glichen einen leisen und effizienten Transport.<br \/>\n<!--more--><\/p>\n<h2>Effizienter Transport: Augustiner setzt auf elektrische Lkw von Volvo<\/h2>\n<p>Augustiner hat sich f\u00fcr Volvo Trucks als Lieferant f\u00fcr ihre elektrischen Lkw entschieden, da das Unternehmen bereits eine praxiserprobte Serienl\u00f6sung f\u00fcr den Einsatz von Elektrofahrzeugen anbietet. Im Gegensatz zu anderen Herstellern, die noch in der Felderprobung sind, konnte Volvo Trucks bereits mit einem erfolgreichen Probelauf bei Augustiner \u00fcberzeugen. Besonders das modulare Batteriesystem spielt dabei eine entscheidende Rolle. Durch den Einsatz von nur f\u00fcnf statt der \u00fcblichen sechs Batteriepakete wird die Nutzlastreserve erh\u00f6ht und die Transporteffizienz verbessert.<\/p>\n<p>Die Volvo Trucks haben auch bei den Fahrern von Augustiner einen positiven Eindruck hinterlassen. Neben der leisen und umweltfreundlichen Fahrweise bieten die Elektro-Lkw auch einen besonders komfortablen Einstieg. Lkw-Fahrer Wolfgang K\u00e4sweber zeigt sich begeistert und hat nichts zu bem\u00e4ngeln. F\u00fcr ihn ist das Fahren mit den Volvo Trucks ein echtes Vergn\u00fcgen und er ist froh, mit diesen Fahrzeugen arbeiten zu k\u00f6nnen.<\/p>\n<p>Die Volvo FM Electric Lkw beeindrucken mit ihrer herausragenden Leistungsf\u00e4higkeit. Mit drei Elektromotoren und einer Dauerleistung von 666 PS bieten sie eine beeindruckende Kraft. Das automatisierte I-Shift-Getriebe sorgt f\u00fcr ein unmerkliches und seltenes Schalten, was das Fahrerlebnis angenehm gestaltet. Besonders vorteilhaft ist die Tatsache, dass die Motoren im Bremsbetrieb als leistungsstarke Dauerbremse und Generatoren fungieren. Sie rekuperieren die Bremsenergie und laden damit die Hochvoltbatterien der Zugmaschinen auf, was im Nahverkehr \u00e4u\u00dferst n\u00fctzlich ist.<\/p>\n<p>Aufgrund der steigenden Nachfrage nach Augustiner Bier erw\u00e4gt die Augustiner-Logistik die Einf\u00fchrung eines Drei-Schicht-Betriebs. Dieser Schritt erm\u00f6glicht eine effizientere Nutzung der Ressourcen und eine bessere Versorgung des Marktes. Dar\u00fcber hinaus wird die M\u00f6glichkeit einer weiteren Anschaffung eines elektrischen Lkw von Volvo Trucks in Betracht gezogen, um die Transportkapazit\u00e4ten zu erweitern und den \u00f6kologischen Fu\u00dfabdruck der Logistik weiter zu reduzieren.<\/p>\n<p>Die erfolgreiche Zusammenarbeit zwischen Augustiner-Br\u00e4u und Volvo Trucks zeigt, wie moderne Technologie die Logistikbranche revolutionieren kann. Durch den Einsatz von elektrischen Lkw wird nicht nur die Umweltbelastung und L\u00e4rmbel\u00e4stigung minimiert, sondern auch der Transportprozess effizienter gestaltet. Augustiner-Br\u00e4u setzt mit dieser wegweisenden Initiative ein wichtiges Signal f\u00fcr eine nachhaltige und zukunftsorientierte Logistik in der Brauindustrie.<\/p>\n","protected":false},"excerpt":{"rendered":"<p>Die M\u00fcnchner Traditionsbrauerei Augustiner-Br\u00e4u hat ihre Abf\u00fcllanlage am Stadtrand mit elektrischen Lkw von Volvo Trucks ausgestattet, um den Transport des frisch gebrauten Bieres zwischen der Brauerei in der M\u00fcnchner Innenstadt und der Abf\u00fcllanlage in Freiham zu optimieren. Seit Anfang Januar 2024 sind die beiden Volvo FM Electric Lkw im Einsatz und erm\u00f6glichen einen leisen und<\/p>\n<div class=\"read-more\"><a href=\"https:\/\/www.doppelklicker.de\/blog\/augustiner-braeu-setzt-auf-elektrische-lkw-von-volvo-trucks\/\" title=\"Jetzt alles lesen\">Jetzt alles lesen<\/a><\/div>\n","protected":false},"author":8,"featured_media":8475,"comment_status":"open","ping_status":"open","sticky":false,"template":"","format":"standard","meta":[],"categories":[3305],"tags":[],"yoast_head":"<!-- This site is optimized with the Yoast SEO plugin v18.2 - https:\/\/yoast.com\/wordpress\/plugins\/seo\/ -->\n<meta name=\"robots\" content=\"index, follow, max-snippet:-1, max-image-preview:large, max-video-preview:-1\" \/>\n<link rel=\"canonical\" href=\"https:\/\/www.doppelklicker.de\/blog\/augustiner-braeu-setzt-auf-elektrische-lkw-von-volvo-trucks\/\" \/>\n<meta property=\"og:locale\" content=\"de_DE\" \/>\n<meta property=\"og:type\" content=\"article\" \/>\n<meta property=\"og:title\" content=\"Nachhaltige Logistik: Augustiner-Br\u00e4u setzt auf Volvo Elektro-Lkw\" \/>\n<meta property=\"og:description\" content=\"Die M\u00fcnchner Traditionsbrauerei Augustiner-Br\u00e4u hat ihre Abf\u00fcllanlage am Stadtrand mit elektrischen Lkw von Volvo Trucks ausgestattet, um den Transport des frisch gebrauten Bieres zwischen der Brauerei in der M\u00fcnchner Innenstadt und der Abf\u00fcllanlage in Freiham zu optimieren. Seit Anfang Januar 2024 sind die beiden Volvo FM Electric Lkw im Einsatz und erm\u00f6glichen einen leisen undJetzt alles lesen\" \/>\n<meta property=\"og:url\" content=\"https:\/\/www.doppelklicker.de\/blog\/augustiner-braeu-setzt-auf-elektrische-lkw-von-volvo-trucks\/\" \/>\n<meta property=\"og:site_name\" content=\"Aus Mainz.\" \/>\n<meta property=\"article:published_time\" content=\"2024-07-02T06:00:00+00:00\" \/>\n<meta property=\"og:image\" content=\"https:\/\/www.doppelklicker.de\/blog\/wp-content\/uploads\/2024\/07\/augustiner-braeu-setzt-auf-elektrische-lkw-von-volvo-trucks-21176.jpg\" \/>\n\t<meta property=\"og:image:width\" content=\"1280\" \/>\n\t<meta property=\"og:image:height\" content=\"615\" \/>\n\t<meta property=\"og:image:type\" content=\"image\/jpeg\" \/>\n<meta name=\"twitter:card\" content=\"summary_large_image\" \/>\n<meta name=\"twitter:label1\" content=\"Verfasst von\" \/>\n\t<meta name=\"twitter:data1\" content=\"Iris Martin\" \/>\n\t<meta name=\"twitter:label2\" content=\"Gesch\u00e4tzte Lesezeit\" \/>\n\t<meta name=\"twitter:data2\" content=\"2 Minuten\" \/>\n<script type=\"application\/ld+json\" class=\"yoast-schema-graph\">{\"@context\":\"https:\/\/schema.org\",\"@graph\":[{\"@type\":\"WebSite\",\"@id\":\"https:\/\/www.doppelklicker.de\/blog\/#website\",\"url\":\"https:\/\/www.doppelklicker.de\/blog\/\",\"name\":\"Aus Mainz.\",\"description\":\"F\u00fcr die Welt.\",\"potentialAction\":[{\"@type\":\"SearchAction\",\"target\":{\"@type\":\"EntryPoint\",\"urlTemplate\":\"https:\/\/www.doppelklicker.de\/blog\/?s={search_term_string}\"},\"query-input\":\"required name=search_term_string\"}],\"inLanguage\":\"de-DE\"},{\"@type\":\"ImageObject\",\"@id\":\"https:\/\/www.doppelklicker.de\/blog\/augustiner-braeu-setzt-auf-elektrische-lkw-von-volvo-trucks\/#primaryimage\",\"inLanguage\":\"de-DE\",\"url\":\"https:\/\/www.doppelklicker.de\/blog\/wp-content\/uploads\/2024\/07\/augustiner-braeu-setzt-auf-elektrische-lkw-von-volvo-trucks-21176.jpg\",\"contentUrl\":\"https:\/\/www.doppelklicker.de\/blog\/wp-content\/uploads\/2024\/07\/augustiner-braeu-setzt-auf-elektrische-lkw-von-volvo-trucks-21176.jpg\",\"width\":1280,\"height\":615,\"caption\":\"Nachhaltige Logistik: Augustiner-Br\u00e4u setzt auf Volvo Elektro-Lkw (Foto: foto.text)\"},{\"@type\":\"WebPage\",\"@id\":\"https:\/\/www.doppelklicker.de\/blog\/augustiner-braeu-setzt-auf-elektrische-lkw-von-volvo-trucks\/#webpage\",\"url\":\"https:\/\/www.doppelklicker.de\/blog\/augustiner-braeu-setzt-auf-elektrische-lkw-von-volvo-trucks\/\",\"name\":\"Nachhaltige Logistik: Augustiner-Br\u00e4u setzt auf Volvo Elektro-Lkw\",\"isPartOf\":{\"@id\":\"https:\/\/www.doppelklicker.de\/blog\/#website\"},\"primaryImageOfPage\":{\"@id\":\"https:\/\/www.doppelklicker.de\/blog\/augustiner-braeu-setzt-auf-elektrische-lkw-von-volvo-trucks\/#primaryimage\"},\"datePublished\":\"2024-07-02T06:00:00+00:00\",\"dateModified\":\"2024-07-02T06:00:00+00:00\",\"author\":{\"@id\":\"https:\/\/www.doppelklicker.de\/blog\/#\/schema\/person\/08dcac172bdb025e8ff433488184668a\"},\"breadcrumb\":{\"@id\":\"https:\/\/www.doppelklicker.de\/blog\/augustiner-braeu-setzt-auf-elektrische-lkw-von-volvo-trucks\/#breadcrumb\"},\"inLanguage\":\"de-DE\",\"potentialAction\":[{\"@type\":\"ReadAction\",\"target\":[\"https:\/\/www.doppelklicker.de\/blog\/augustiner-braeu-setzt-auf-elektrische-lkw-von-volvo-trucks\/\"]}]},{\"@type\":\"BreadcrumbList\",\"@id\":\"https:\/\/www.doppelklicker.de\/blog\/augustiner-braeu-setzt-auf-elektrische-lkw-von-volvo-trucks\/#breadcrumb\",\"itemListElement\":[{\"@type\":\"ListItem\",\"position\":1,\"name\":\"Startseite\",\"item\":\"https:\/\/www.doppelklicker.de\/blog\/\"},{\"@type\":\"ListItem\",\"position\":2,\"name\":\"Nachhaltige Logistik: Augustiner-Br\u00e4u setzt auf Volvo Elektro-Lkw\"}]},{\"@type\":\"Person\",\"@id\":\"https:\/\/www.doppelklicker.de\/blog\/#\/schema\/person\/08dcac172bdb025e8ff433488184668a\",\"name\":\"Iris Martin\",\"image\":{\"@type\":\"ImageObject\",\"@id\":\"https:\/\/www.doppelklicker.de\/blog\/#personlogo\",\"inLanguage\":\"de-DE\",\"url\":\"https:\/\/secure.gravatar.com\/avatar\/82fdaa093be0b9686b531f99fcb54d15?s=96&d=wp_user_avatar&r=g\",\"contentUrl\":\"https:\/\/secure.gravatar.com\/avatar\/82fdaa093be0b9686b531f99fcb54d15?s=96&d=wp_user_avatar&r=g\",\"caption\":\"Iris Martin\"},\"url\":\"https:\/\/www.doppelklicker.de\/blog\/author\/iris-martin\/\"}]}<\/script>\n<!-- \/ Yoast SEO plugin. -->","yoast_head_json":{"robots":{"index":"index","follow":"follow","max-snippet":"max-snippet:-1","max-image-preview":"max-image-preview:large","max-video-preview":"max-video-preview:-1"},"canonical":"https:\/\/www.doppelklicker.de\/blog\/augustiner-braeu-setzt-auf-elektrische-lkw-von-volvo-trucks\/","og_locale":"de_DE","og_type":"article","og_title":"Nachhaltige Logistik: Augustiner-Br\u00e4u setzt auf Volvo Elektro-Lkw","og_description":"Die M\u00fcnchner Traditionsbrauerei Augustiner-Br\u00e4u hat ihre Abf\u00fcllanlage am Stadtrand mit elektrischen Lkw von Volvo Trucks ausgestattet, um den Transport des frisch gebrauten Bieres zwischen der Brauerei in der M\u00fcnchner Innenstadt und der Abf\u00fcllanlage in Freiham zu optimieren. Seit Anfang Januar 2024 sind die beiden Volvo FM Electric Lkw im Einsatz und erm\u00f6glichen einen leisen undJetzt alles lesen","og_url":"https:\/\/www.doppelklicker.de\/blog\/augustiner-braeu-setzt-auf-elektrische-lkw-von-volvo-trucks\/","og_site_name":"Aus Mainz.","article_published_time":"2024-07-02T06:00:00+00:00","og_image":[{"width":1280,"height":615,"url":"https:\/\/www.doppelklicker.de\/blog\/wp-content\/uploads\/2024\/07\/augustiner-braeu-setzt-auf-elektrische-lkw-von-volvo-trucks-21176.jpg","type":"image\/jpeg"}],"twitter_card":"summary_large_image","twitter_misc":{"Verfasst von":"Iris Martin","Gesch\u00e4tzte Lesezeit":"2 Minuten"},"schema":{"@context":"https:\/\/schema.org","@graph":[{"@type":"WebSite","@id":"https:\/\/www.doppelklicker.de\/blog\/#website","url":"https:\/\/www.doppelklicker.de\/blog\/","name":"Aus Mainz.","description":"F\u00fcr die Welt.","potentialAction":[{"@type":"SearchAction","target":{"@type":"EntryPoint","urlTemplate":"https:\/\/www.doppelklicker.de\/blog\/?s={search_term_string}"},"query-input":"required name=search_term_string"}],"inLanguage":"de-DE"},{"@type":"ImageObject","@id":"https:\/\/www.doppelklicker.de\/blog\/augustiner-braeu-setzt-auf-elektrische-lkw-von-volvo-trucks\/#primaryimage","inLanguage":"de-DE","url":"https:\/\/www.doppelklicker.de\/blog\/wp-content\/uploads\/2024\/07\/augustiner-braeu-setzt-auf-elektrische-lkw-von-volvo-trucks-21176.jpg","contentUrl":"https:\/\/www.doppelklicker.de\/blog\/wp-content\/uploads\/2024\/07\/augustiner-braeu-setzt-auf-elektrische-lkw-von-volvo-trucks-21176.jpg","width":1280,"height":615,"caption":"Nachhaltige Logistik: Augustiner-Br\u00e4u setzt auf Volvo Elektro-Lkw (Foto: foto.text)"},{"@type":"WebPage","@id":"https:\/\/www.doppelklicker.de\/blog\/augustiner-braeu-setzt-auf-elektrische-lkw-von-volvo-trucks\/#webpage","url":"https:\/\/www.doppelklicker.de\/blog\/augustiner-braeu-setzt-auf-elektrische-lkw-von-volvo-trucks\/","name":"Nachhaltige Logistik: Augustiner-Br\u00e4u setzt auf Volvo Elektro-Lkw","isPartOf":{"@id":"https:\/\/www.doppelklicker.de\/blog\/#website"},"primaryImageOfPage":{"@id":"https:\/\/www.doppelklicker.de\/blog\/augustiner-braeu-setzt-auf-elektrische-lkw-von-volvo-trucks\/#primaryimage"},"datePublished":"2024-07-02T06:00:00+00:00","dateModified":"2024-07-02T06:00:00+00:00","author":{"@id":"https:\/\/www.doppelklicker.de\/blog\/#\/schema\/person\/08dcac172bdb025e8ff433488184668a"},"breadcrumb":{"@id":"https:\/\/www.doppelklicker.de\/blog\/augustiner-braeu-setzt-auf-elektrische-lkw-von-volvo-trucks\/#breadcrumb"},"inLanguage":"de-DE","potentialAction":[{"@type":"ReadAction","target":["https:\/\/www.doppelklicker.de\/blog\/augustiner-braeu-setzt-auf-elektrische-lkw-von-volvo-trucks\/"]}]},{"@type":"BreadcrumbList","@id":"https:\/\/www.doppelklicker.de\/blog\/augustiner-braeu-setzt-auf-elektrische-lkw-von-volvo-trucks\/#breadcrumb","itemListElement":[{"@type":"ListItem","position":1,"name":"Startseite","item":"https:\/\/www.doppelklicker.de\/blog\/"},{"@type":"ListItem","position":2,"name":"Nachhaltige Logistik: Augustiner-Br\u00e4u setzt auf Volvo Elektro-Lkw"}]},{"@type":"Person","@id":"https:\/\/www.doppelklicker.de\/blog\/#\/schema\/person\/08dcac172bdb025e8ff433488184668a","name":"Iris Martin","image":{"@type":"ImageObject","@id":"https:\/\/www.doppelklicker.de\/blog\/#personlogo","inLanguage":"de-DE","url":"https:\/\/secure.gravatar.com\/avatar\/82fdaa093be0b9686b531f99fcb54d15?s=96&d=wp_user_avatar&r=g","contentUrl":"https:\/\/secure.gravatar.com\/avatar\/82fdaa093be0b9686b531f99fcb54d15?s=96&d=wp_user_avatar&r=g","caption":"Iris Martin"},"url":"https:\/\/www.doppelklicker.de\/blog\/author\/iris-martin\/"}]}},"_links":{"self":[{"href":"https:\/\/www.doppelklicker.de\/blog\/wp-json\/wp\/v2\/posts\/8474"}],"collection":[{"href":"https:\/\/www.doppelklicker.de\/blog\/wp-json\/wp\/v2\/posts"}],"about":[{"href":"https:\/\/www.doppelklicker.de\/blog\/wp-json\/wp\/v2\/types\/post"}],"author":[{"embeddable":true,"href":"https:\/\/www.doppelklicker.de\/blog\/wp-json\/wp\/v2\/users\/8"}],"replies":[{"embeddable":true,"href":"https:\/\/www.doppelklicker.de\/blog\/wp-json\/wp\/v2\/comments?post=8474"}],"version-history":[{"count":0,"href":"https:\/\/www.doppelklicker.de\/blog\/wp-json\/wp\/v2\/posts\/8474\/revisions"}],"wp:featuredmedia":[{"embeddable":true,"href":"https:\/\/www.doppelklicker.de\/blog\/wp-json\/wp\/v2\/media\/8475"}],"wp:attachment":[{"href":"https:\/\/www.doppelklicker.de\/blog\/wp-json\/wp\/v2\/media?parent=8474"}],"wp:term":[{"taxonomy":"category","embeddable":true,"href":"https:\/\/www.doppelklicker.de\/blog\/wp-json\/wp\/v2\/categories?post=8474"},{"taxonomy":"post_tag","embeddable":true,"href":"https:\/\/www.doppelklicker.de\/blog\/wp-json\/wp\/v2\/tags?post=8474"}],"curies":[{"name":"wp","href":"https:\/\/api.w.org\/{rel}","templated":true}]}}