{"id":8517,"date":"2024-07-02T09:00:00","date_gmt":"2024-07-02T07:00:00","guid":{"rendered":"guid"},"modified":"2024-07-02T09:00:00","modified_gmt":"2024-07-02T07:00:00","slug":"preisverleihung-im-jugendwettbewerb-mydigitalworld","status":"publish","type":"post","link":"https:\/\/www.doppelklicker.de\/blog\/preisverleihung-im-jugendwettbewerb-mydigitalworld\/","title":{"rendered":"Jugendlicher Beitrag zur F\u00f6rderung der Medienkompetenz und Internet-Sicherheit"},"content":{"rendered":"<p>Der Jugendwettbewerb myDigitalWorld fand am 27. Juni 2022 in Berlin statt und zeichnete drei Gruppen von Sch\u00fclern f\u00fcr ihre herausragenden Beitr\u00e4ge zur F\u00f6rderung der Netzwerksicherheit aus. Die Preisverleihung w\u00fcrdigte das Engagement der Sch\u00fcler und betonte die Wichtigkeit von Sicherheit und Medienkompetenz in der heutigen digitalen Welt. Die Beitr\u00e4ge der Sch\u00fcler verdeutlichen, dass junge Menschen bereits fr\u00fchzeitig f\u00fcr die Gefahren und Chancen des Internets sensibilisiert werden sollten. Die Gewinner wurden f\u00fcr ihre kreativen L\u00f6sungsans\u00e4tze und ihr Engagement belohnt.<br \/>\n<!--more--><\/p>\n<div id=\"ez-toc-container\" class=\"ez-toc-v2_0_16 counter-hierarchy\">\n<div class=\"ez-toc-title-container\">\n<p class=\"ez-toc-title\">Inhaltsverzeichnis: Das erwartet Sie in diesem Artikel<\/p>\n<span class=\"ez-toc-title-toggle\"><a class=\"ez-toc-pull-right ez-toc-btn ez-toc-btn-xs ez-toc-btn-default ez-toc-toggle\" style=\"display: none;\"><i class=\"ez-toc-glyphicon ez-toc-icon-toggle\"><\/i><\/a><\/span><\/div>\n<nav><ul class=\"ez-toc-list ez-toc-list-level-1\"><li class=\"ez-toc-page-1 ez-toc-heading-level-2\"><a class=\"ez-toc-link ez-toc-heading-1\" href=\"https:\/\/www.doppelklicker.de\/blog\/preisverleihung-im-jugendwettbewerb-mydigitalworld\/#schueler-ausgezeichnet-beitraege-fuer-mehr-sicherheit-im-netz-gewuerdigt\" title=\"Sch\u00fcler ausgezeichnet: Beitr\u00e4ge f\u00fcr mehr Sicherheit im Netz gew\u00fcrdigt\">Sch\u00fcler ausgezeichnet: Beitr\u00e4ge f\u00fcr mehr Sicherheit im Netz gew\u00fcrdigt<\/a><\/li><li class=\"ez-toc-page-1 ez-toc-heading-level-2\"><a class=\"ez-toc-link ez-toc-heading-2\" href=\"https:\/\/www.doppelklicker.de\/blog\/preisverleihung-im-jugendwettbewerb-mydigitalworld\/#schueler-klaeren-ueber-einsatz-von-ki-in-der-schule-auf\" title=\"Sch\u00fcler kl\u00e4ren \u00fcber Einsatz von KI in der Schule auf\">Sch\u00fcler kl\u00e4ren \u00fcber Einsatz von KI in der Schule auf<\/a><\/li><li class=\"ez-toc-page-1 ez-toc-heading-level-2\"><a class=\"ez-toc-link ez-toc-heading-3\" href=\"https:\/\/www.doppelklicker.de\/blog\/preisverleihung-im-jugendwettbewerb-mydigitalworld\/#informatikkurs-aus-goerlitz-sensibilisiert-mit-humorvollem-beitrag-fuer-mehr-sicherheit-im-netz\" title=\"Informatikkurs aus G\u00f6rlitz sensibilisiert mit humorvollem Beitrag f\u00fcr mehr Sicherheit im Netz\">Informatikkurs aus G\u00f6rlitz sensibilisiert mit humorvollem Beitrag f\u00fcr mehr Sicherheit im Netz<\/a><\/li><li class=\"ez-toc-page-1 ez-toc-heading-level-2\"><a class=\"ez-toc-link ez-toc-heading-4\" href=\"https:\/\/www.doppelklicker.de\/blog\/preisverleihung-im-jugendwettbewerb-mydigitalworld\/#schueler-koennen-im-jugendwettbewerb-ihre-beitraege-zum-thema-internet-einreichen\" title=\"Sch\u00fcler k\u00f6nnen im Jugendwettbewerb ihre Beitr\u00e4ge zum Thema Internet einreichen\">Sch\u00fcler k\u00f6nnen im Jugendwettbewerb ihre Beitr\u00e4ge zum Thema Internet einreichen<\/a><\/li><li class=\"ez-toc-page-1 ez-toc-heading-level-2\"><a class=\"ez-toc-link ez-toc-heading-5\" href=\"https:\/\/www.doppelklicker.de\/blog\/preisverleihung-im-jugendwettbewerb-mydigitalworld\/#gewinnerklassen-sensibilisieren-fuer-digitale-sicherheit\" title=\"Gewinnerklassen sensibilisieren f\u00fcr digitale Sicherheit\">Gewinnerklassen sensibilisieren f\u00fcr digitale Sicherheit<\/a><\/li><\/ul><\/nav><\/div>\n<h2><span class=\"ez-toc-section\" id=\"schueler-ausgezeichnet-beitraege-fuer-mehr-sicherheit-im-netz-gewuerdigt\"><\/span>Sch\u00fcler ausgezeichnet: Beitr\u00e4ge f\u00fcr mehr Sicherheit im Netz gew\u00fcrdigt<span class=\"ez-toc-section-end\"><\/span><\/h2>\n<p>Die Laudatio von Parlamentarische Staatssekret\u00e4rin Daniela Kluckert beim Jugendwettbewerb myDigitalWorld w\u00fcrdigte das Engagement junger Menschen f\u00fcr mehr Sicherheit im Internet. Angesichts der aktuellen Herausforderungen wie Fake News und K\u00fcnstlicher Intelligenz sei es wichtiger denn je, Menschen f\u00fcr dieses Thema zu begeistern. Dabei sei es eine gesamtgesellschaftliche Aufgabe, auch junge Menschen in die Pflicht zu nehmen. Studien zeigen, dass junge Menschen zwar versiert im Umgang mit digitalen Angeboten seien, aber oft Sicherheit und Medienkompetenzen vernachl\u00e4ssigt w\u00fcrden. Daher sei es erfreulich, dass so viele Sch\u00fclerinnen und Sch\u00fcler am Jugendwettbewerb myDigitalWorld teilnehmen und damit einen wichtigen Beitrag leisten.<\/p>\n<h2><span class=\"ez-toc-section\" id=\"schueler-klaeren-ueber-einsatz-von-ki-in-der-schule-auf\"><\/span>Sch\u00fcler kl\u00e4ren \u00fcber Einsatz von KI in der Schule auf<span class=\"ez-toc-section-end\"><\/span><\/h2>\n<p>Im Medien + Kommunikation Kurs der Friedensburg-Oberschule in Berlin haben sich die Sch\u00fcler mit dem Thema K\u00fcnstliche Intelligenz in der Schule auseinandergesetzt. Dabei haben sie ein Erkl\u00e4rvideo namens &#8222;Peanut und sein Hausfrosch&#8220; erstellt, das die Funktionsweise von KI verst\u00e4ndlich erkl\u00e4rt und verschiedene Einsatzm\u00f6glichkeiten in der Schule aufzeigt. Das Video beleuchtet sowohl die positiven als auch die negativen Aspekte von KI und geht dabei auch auf die Auswirkungen auf Sch\u00fcler und Lehrer ein.<\/p>\n<h2><span class=\"ez-toc-section\" id=\"informatikkurs-aus-goerlitz-sensibilisiert-mit-humorvollem-beitrag-fuer-mehr-sicherheit-im-netz\"><\/span>Informatikkurs aus G\u00f6rlitz sensibilisiert mit humorvollem Beitrag f\u00fcr mehr Sicherheit im Netz<span class=\"ez-toc-section-end\"><\/span><\/h2>\n<p>Den zweiten Platz in der Kategorie &#8222;Dein Beitrag f\u00fcr mehr Sicherheit im Netz&#8220; sicherten sich die 13 Sch\u00fcler des Informatikkurses der Stufe 8 an der Oberschule Rauschwalde in G\u00f6rlitz. Ihr Aufkl\u00e4rungsvideo f\u00fcr Gleichaltrige ist nicht nur ansprechend gestaltet, sondern auch humorvoll. Es erz\u00e4hlt die Geschichte eines mutigen Ritters, der mit seinem Schwert gegen Bedrohungen im Internet k\u00e4mpft. Doch schnell wird deutlich, dass pr\u00e4ventive Ma\u00dfnahmen viel effektiver sind, um im Netz sicher zu sein. Die jungen Menschen thematisieren auch gesellschaftliche Ver\u00e4nderungen, die n\u00f6tig sind, um alle zum Handeln und Schutz im Netz zu motivieren. Trotz des humorvollen Ansatzes konnte der Beitrag die Jury \u00fcberzeugen und den zweiten Platz erreichen.<\/p>\n<p>Die Arbeitsgruppen der Initiative &#8222;IT-Security Girls&#8220; am Franziskanergymnasium Kreuzburg engagieren sich aktiv f\u00fcr mehr Sicherheit im Internet. Sie produzieren regelm\u00e4\u00dfig Aufkl\u00e4rungsmaterialien wie Videos und Sicherheits-Tipps, um junge M\u00e4dchen f\u00fcr IT-Sicherheit zu sensibilisieren und in ihrem Umfeld Aufkl\u00e4rungsarbeit zu leisten. Durch ihre Initiative leisten sie einen wertvollen Beitrag zur Sicherheit im Netz und zur F\u00f6rderung von Gleichberechtigung. Sie ermutigen andere M\u00e4dchen, sich f\u00fcr die IT-Branche zu interessieren und tragen somit zur Vielfalt in dieser Branche bei. Die Jury hat dieses Engagement mit dem 3. Platz gew\u00fcrdigt.<\/p>\n<p>Seit 2015 w\u00fcrdigt der Jugendwettbewerb myDigitalWorld das besondere digitale Engagement junger Menschen. Die Gewinner erhalten Sach- und Geldpreise. Die n\u00e4chste Ausschreibung ist f\u00fcr den Herbst 2024 geplant.<\/p>\n<h2><span class=\"ez-toc-section\" id=\"schueler-koennen-im-jugendwettbewerb-ihre-beitraege-zum-thema-internet-einreichen\"><\/span>Sch\u00fcler k\u00f6nnen im Jugendwettbewerb ihre Beitr\u00e4ge zum Thema Internet einreichen<span class=\"ez-toc-section-end\"><\/span><\/h2>\n<p>Der Jugendwettbewerb myDigitalWorld wurde im Jahr 2015 w\u00e4hrend des IT-Gipfels der Bundesregierung ins Leben gerufen. Seitdem wird er j\u00e4hrlich von DsiN organisiert, um jungen Menschen einen sicheren Umgang mit dem Internet zu vermitteln und ihre herausragenden Beitr\u00e4ge zu w\u00fcrdigen. Die Sch\u00fcler haben die Wahl zwischen zwei Kategorien, wobei eine davon jedes Jahr ein neues Schwerpunktthema behandelt, das von den Teilnehmern bearbeitet werden soll.<\/p>\n<p>Im Durchgang 2023\/2024 des Jugendwettbewerbs myDigitalWorld stand das Thema K\u00fcnstliche Intelligenz im Fokus. Unter dem Motto &#8222;Dein Beitrag f\u00fcr mehr Sicherheit im Netz&#8220; hatten die Sch\u00fcler die M\u00f6glichkeit, ihre Kreativit\u00e4t uneingeschr\u00e4nkt auszuleben und vielf\u00e4ltige Beitr\u00e4ge einzureichen. Der Wettbewerb wird vom Bundesminister Dr. Volker Wissing als Schirmherr unterst\u00fctzt und von den Sponsoren Avast, Google Deutschland, KinderschutzbundBundesverband und FSM &#8211; Freiwillige Selbstkontrolle Multimedia-Diensteanbieter e.V. begleitet.<\/p>\n<h2><span class=\"ez-toc-section\" id=\"gewinnerklassen-sensibilisieren-fuer-digitale-sicherheit\"><\/span>Gewinnerklassen sensibilisieren f\u00fcr digitale Sicherheit<span class=\"ez-toc-section-end\"><\/span><\/h2>\n<p>Durch den Jugendwettbewerb myDigitalWorld k\u00f6nnen Sch\u00fcler aktiv dazu beitragen, die Sicherheit im Internet zu verbessern. Die Gewinnerklassen aus Berlin, G\u00f6rlitz und Gro\u00dfkrotzenburg haben eindrucksvoll demonstriert, wie engagiert und kreativ junge Menschen sein k\u00f6nnen, um ihre Altersgenossen \u00fcber die Gefahren und M\u00f6glichkeiten des digitalen Zeitalters zu informieren.<\/p>\n<p>Durch die Teilnahme am Jugendwettbewerb myDigitalWorld haben Sch\u00fcler die M\u00f6glichkeit, ihre Medienkompetenz zu st\u00e4rken und ein Bewusstsein f\u00fcr die Bedeutung von Sicherheit im Netz zu entwickeln. Die Gewinnerklassen aus Berlin, G\u00f6rlitz und Gro\u00dfkrotzenburg haben gezeigt, wie engagiert und kreativ junge Menschen sein k\u00f6nnen, wenn es darum geht, andere \u00fcber die Gefahren und M\u00f6glichkeiten des digitalen Zeitalters zu informieren. Wir sind stolz auf ihre Leistungen und hoffen, dass sie andere Sch\u00fcler dazu ermutigen k\u00f6nnen, sich ebenfalls f\u00fcr mehr Sicherheit im Internet einzusetzen.<\/p>\n","protected":false},"excerpt":{"rendered":"<p>Der Jugendwettbewerb myDigitalWorld fand am 27. Juni 2022 in Berlin statt und zeichnete drei Gruppen von Sch\u00fclern f\u00fcr ihre herausragenden Beitr\u00e4ge zur F\u00f6rderung der Netzwerksicherheit aus. Die Preisverleihung w\u00fcrdigte das Engagement der Sch\u00fcler und betonte die Wichtigkeit von Sicherheit und Medienkompetenz in der heutigen digitalen Welt. Die Beitr\u00e4ge der Sch\u00fcler verdeutlichen, dass junge Menschen bereits<\/p>\n<div class=\"read-more\"><a href=\"https:\/\/www.doppelklicker.de\/blog\/preisverleihung-im-jugendwettbewerb-mydigitalworld\/\" title=\"Jetzt alles lesen\">Jetzt alles lesen<\/a><\/div>\n","protected":false},"author":8,"featured_media":8518,"comment_status":"open","ping_status":"open","sticky":false,"template":"","format":"standard","meta":[],"categories":[3305],"tags":[],"yoast_head":"<!-- This site is optimized with the Yoast SEO plugin v18.2 - https:\/\/yoast.com\/wordpress\/plugins\/seo\/ -->\n<meta name=\"robots\" content=\"index, follow, max-snippet:-1, max-image-preview:large, max-video-preview:-1\" \/>\n<link rel=\"canonical\" href=\"https:\/\/www.doppelklicker.de\/blog\/preisverleihung-im-jugendwettbewerb-mydigitalworld\/\" \/>\n<meta property=\"og:locale\" content=\"de_DE\" \/>\n<meta property=\"og:type\" content=\"article\" \/>\n<meta property=\"og:title\" content=\"Jugendlicher Beitrag zur F\u00f6rderung der Medienkompetenz und Internet-Sicherheit\" \/>\n<meta property=\"og:description\" content=\"Der Jugendwettbewerb myDigitalWorld fand am 27. Juni 2022 in Berlin statt und zeichnete drei Gruppen von Sch\u00fclern f\u00fcr ihre herausragenden Beitr\u00e4ge zur F\u00f6rderung der Netzwerksicherheit aus. Die Preisverleihung w\u00fcrdigte das Engagement der Sch\u00fcler und betonte die Wichtigkeit von Sicherheit und Medienkompetenz in der heutigen digitalen Welt. Die Beitr\u00e4ge der Sch\u00fcler verdeutlichen, dass junge Menschen bereitsJetzt alles lesen\" \/>\n<meta property=\"og:url\" content=\"https:\/\/www.doppelklicker.de\/blog\/preisverleihung-im-jugendwettbewerb-mydigitalworld\/\" \/>\n<meta property=\"og:site_name\" content=\"Aus Mainz.\" \/>\n<meta property=\"article:published_time\" content=\"2024-07-02T07:00:00+00:00\" \/>\n<meta name=\"twitter:card\" content=\"summary_large_image\" \/>\n<meta name=\"twitter:label1\" content=\"Verfasst von\" \/>\n\t<meta name=\"twitter:data1\" content=\"Iris Martin\" \/>\n\t<meta name=\"twitter:label2\" content=\"Gesch\u00e4tzte Lesezeit\" \/>\n\t<meta name=\"twitter:data2\" content=\"4 Minuten\" \/>\n<script type=\"application\/ld+json\" class=\"yoast-schema-graph\">{\"@context\":\"https:\/\/schema.org\",\"@graph\":[{\"@type\":\"WebSite\",\"@id\":\"https:\/\/www.doppelklicker.de\/blog\/#website\",\"url\":\"https:\/\/www.doppelklicker.de\/blog\/\",\"name\":\"Aus Mainz.\",\"description\":\"F\u00fcr die Welt.\",\"potentialAction\":[{\"@type\":\"SearchAction\",\"target\":{\"@type\":\"EntryPoint\",\"urlTemplate\":\"https:\/\/www.doppelklicker.de\/blog\/?s={search_term_string}\"},\"query-input\":\"required name=search_term_string\"}],\"inLanguage\":\"de-DE\"},{\"@type\":\"ImageObject\",\"@id\":\"https:\/\/www.doppelklicker.de\/blog\/preisverleihung-im-jugendwettbewerb-mydigitalworld\/#primaryimage\",\"inLanguage\":\"de-DE\",\"url\":\"https:\/\/www.doppelklicker.de\/blog\/wp-content\/uploads\/2024\/07\/jugendwettbewerb-mydigitalworld-zeichnet-schueler-digitales-engagement-21378.jpg\",\"contentUrl\":\"https:\/\/www.doppelklicker.de\/blog\/wp-content\/uploads\/2024\/07\/jugendwettbewerb-mydigitalworld-zeichnet-schueler-digitales-engagement-21378.jpg\",\"width\":1280,\"height\":615,\"caption\":\"Jugendlicher Beitrag zur F\u00f6rderung der Medienkompetenz und Internet-Sicherheit (Foto: Jan Zappner)\"},{\"@type\":\"WebPage\",\"@id\":\"https:\/\/www.doppelklicker.de\/blog\/preisverleihung-im-jugendwettbewerb-mydigitalworld\/#webpage\",\"url\":\"https:\/\/www.doppelklicker.de\/blog\/preisverleihung-im-jugendwettbewerb-mydigitalworld\/\",\"name\":\"Jugendlicher Beitrag zur F\u00f6rderung der Medienkompetenz und Internet-Sicherheit\",\"isPartOf\":{\"@id\":\"https:\/\/www.doppelklicker.de\/blog\/#website\"},\"primaryImageOfPage\":{\"@id\":\"https:\/\/www.doppelklicker.de\/blog\/preisverleihung-im-jugendwettbewerb-mydigitalworld\/#primaryimage\"},\"datePublished\":\"2024-07-02T07:00:00+00:00\",\"dateModified\":\"2024-07-02T07:00:00+00:00\",\"author\":{\"@id\":\"https:\/\/www.doppelklicker.de\/blog\/#\/schema\/person\/08dcac172bdb025e8ff433488184668a\"},\"breadcrumb\":{\"@id\":\"https:\/\/www.doppelklicker.de\/blog\/preisverleihung-im-jugendwettbewerb-mydigitalworld\/#breadcrumb\"},\"inLanguage\":\"de-DE\",\"potentialAction\":[{\"@type\":\"ReadAction\",\"target\":[\"https:\/\/www.doppelklicker.de\/blog\/preisverleihung-im-jugendwettbewerb-mydigitalworld\/\"]}]},{\"@type\":\"BreadcrumbList\",\"@id\":\"https:\/\/www.doppelklicker.de\/blog\/preisverleihung-im-jugendwettbewerb-mydigitalworld\/#breadcrumb\",\"itemListElement\":[{\"@type\":\"ListItem\",\"position\":1,\"name\":\"Startseite\",\"item\":\"https:\/\/www.doppelklicker.de\/blog\/\"},{\"@type\":\"ListItem\",\"position\":2,\"name\":\"Jugendlicher Beitrag zur F\u00f6rderung der Medienkompetenz und Internet-Sicherheit\"}]},{\"@type\":\"Person\",\"@id\":\"https:\/\/www.doppelklicker.de\/blog\/#\/schema\/person\/08dcac172bdb025e8ff433488184668a\",\"name\":\"Iris Martin\",\"image\":{\"@type\":\"ImageObject\",\"@id\":\"https:\/\/www.doppelklicker.de\/blog\/#personlogo\",\"inLanguage\":\"de-DE\",\"url\":\"https:\/\/secure.gravatar.com\/avatar\/82fdaa093be0b9686b531f99fcb54d15?s=96&d=wp_user_avatar&r=g\",\"contentUrl\":\"https:\/\/secure.gravatar.com\/avatar\/82fdaa093be0b9686b531f99fcb54d15?s=96&d=wp_user_avatar&r=g\",\"caption\":\"Iris Martin\"},\"url\":\"https:\/\/www.doppelklicker.de\/blog\/author\/iris-martin\/\"}]}<\/script>\n<!-- \/ Yoast SEO plugin. -->","yoast_head_json":{"robots":{"index":"index","follow":"follow","max-snippet":"max-snippet:-1","max-image-preview":"max-image-preview:large","max-video-preview":"max-video-preview:-1"},"canonical":"https:\/\/www.doppelklicker.de\/blog\/preisverleihung-im-jugendwettbewerb-mydigitalworld\/","og_locale":"de_DE","og_type":"article","og_title":"Jugendlicher Beitrag zur F\u00f6rderung der Medienkompetenz und Internet-Sicherheit","og_description":"Der Jugendwettbewerb myDigitalWorld fand am 27. Juni 2022 in Berlin statt und zeichnete drei Gruppen von Sch\u00fclern f\u00fcr ihre herausragenden Beitr\u00e4ge zur F\u00f6rderung der Netzwerksicherheit aus. Die Preisverleihung w\u00fcrdigte das Engagement der Sch\u00fcler und betonte die Wichtigkeit von Sicherheit und Medienkompetenz in der heutigen digitalen Welt. Die Beitr\u00e4ge der Sch\u00fcler verdeutlichen, dass junge Menschen bereitsJetzt alles lesen","og_url":"https:\/\/www.doppelklicker.de\/blog\/preisverleihung-im-jugendwettbewerb-mydigitalworld\/","og_site_name":"Aus Mainz.","article_published_time":"2024-07-02T07:00:00+00:00","twitter_card":"summary_large_image","twitter_misc":{"Verfasst von":"Iris Martin","Gesch\u00e4tzte Lesezeit":"4 Minuten"},"schema":{"@context":"https:\/\/schema.org","@graph":[{"@type":"WebSite","@id":"https:\/\/www.doppelklicker.de\/blog\/#website","url":"https:\/\/www.doppelklicker.de\/blog\/","name":"Aus Mainz.","description":"F\u00fcr die Welt.","potentialAction":[{"@type":"SearchAction","target":{"@type":"EntryPoint","urlTemplate":"https:\/\/www.doppelklicker.de\/blog\/?s={search_term_string}"},"query-input":"required name=search_term_string"}],"inLanguage":"de-DE"},{"@type":"ImageObject","@id":"https:\/\/www.doppelklicker.de\/blog\/preisverleihung-im-jugendwettbewerb-mydigitalworld\/#primaryimage","inLanguage":"de-DE","url":"https:\/\/www.doppelklicker.de\/blog\/wp-content\/uploads\/2024\/07\/jugendwettbewerb-mydigitalworld-zeichnet-schueler-digitales-engagement-21378.jpg","contentUrl":"https:\/\/www.doppelklicker.de\/blog\/wp-content\/uploads\/2024\/07\/jugendwettbewerb-mydigitalworld-zeichnet-schueler-digitales-engagement-21378.jpg","width":1280,"height":615,"caption":"Jugendlicher Beitrag zur F\u00f6rderung der Medienkompetenz und Internet-Sicherheit (Foto: Jan Zappner)"},{"@type":"WebPage","@id":"https:\/\/www.doppelklicker.de\/blog\/preisverleihung-im-jugendwettbewerb-mydigitalworld\/#webpage","url":"https:\/\/www.doppelklicker.de\/blog\/preisverleihung-im-jugendwettbewerb-mydigitalworld\/","name":"Jugendlicher Beitrag zur F\u00f6rderung der Medienkompetenz und Internet-Sicherheit","isPartOf":{"@id":"https:\/\/www.doppelklicker.de\/blog\/#website"},"primaryImageOfPage":{"@id":"https:\/\/www.doppelklicker.de\/blog\/preisverleihung-im-jugendwettbewerb-mydigitalworld\/#primaryimage"},"datePublished":"2024-07-02T07:00:00+00:00","dateModified":"2024-07-02T07:00:00+00:00","author":{"@id":"https:\/\/www.doppelklicker.de\/blog\/#\/schema\/person\/08dcac172bdb025e8ff433488184668a"},"breadcrumb":{"@id":"https:\/\/www.doppelklicker.de\/blog\/preisverleihung-im-jugendwettbewerb-mydigitalworld\/#breadcrumb"},"inLanguage":"de-DE","potentialAction":[{"@type":"ReadAction","target":["https:\/\/www.doppelklicker.de\/blog\/preisverleihung-im-jugendwettbewerb-mydigitalworld\/"]}]},{"@type":"BreadcrumbList","@id":"https:\/\/www.doppelklicker.de\/blog\/preisverleihung-im-jugendwettbewerb-mydigitalworld\/#breadcrumb","itemListElement":[{"@type":"ListItem","position":1,"name":"Startseite","item":"https:\/\/www.doppelklicker.de\/blog\/"},{"@type":"ListItem","position":2,"name":"Jugendlicher Beitrag zur F\u00f6rderung der Medienkompetenz und Internet-Sicherheit"}]},{"@type":"Person","@id":"https:\/\/www.doppelklicker.de\/blog\/#\/schema\/person\/08dcac172bdb025e8ff433488184668a","name":"Iris Martin","image":{"@type":"ImageObject","@id":"https:\/\/www.doppelklicker.de\/blog\/#personlogo","inLanguage":"de-DE","url":"https:\/\/secure.gravatar.com\/avatar\/82fdaa093be0b9686b531f99fcb54d15?s=96&d=wp_user_avatar&r=g","contentUrl":"https:\/\/secure.gravatar.com\/avatar\/82fdaa093be0b9686b531f99fcb54d15?s=96&d=wp_user_avatar&r=g","caption":"Iris Martin"},"url":"https:\/\/www.doppelklicker.de\/blog\/author\/iris-martin\/"}]}},"_links":{"self":[{"href":"https:\/\/www.doppelklicker.de\/blog\/wp-json\/wp\/v2\/posts\/8517"}],"collection":[{"href":"https:\/\/www.doppelklicker.de\/blog\/wp-json\/wp\/v2\/posts"}],"about":[{"href":"https:\/\/www.doppelklicker.de\/blog\/wp-json\/wp\/v2\/types\/post"}],"author":[{"embeddable":true,"href":"https:\/\/www.doppelklicker.de\/blog\/wp-json\/wp\/v2\/users\/8"}],"replies":[{"embeddable":true,"href":"https:\/\/www.doppelklicker.de\/blog\/wp-json\/wp\/v2\/comments?post=8517"}],"version-history":[{"count":0,"href":"https:\/\/www.doppelklicker.de\/blog\/wp-json\/wp\/v2\/posts\/8517\/revisions"}],"wp:featuredmedia":[{"embeddable":true,"href":"https:\/\/www.doppelklicker.de\/blog\/wp-json\/wp\/v2\/media\/8518"}],"wp:attachment":[{"href":"https:\/\/www.doppelklicker.de\/blog\/wp-json\/wp\/v2\/media?parent=8517"}],"wp:term":[{"taxonomy":"category","embeddable":true,"href":"https:\/\/www.doppelklicker.de\/blog\/wp-json\/wp\/v2\/categories?post=8517"},{"taxonomy":"post_tag","embeddable":true,"href":"https:\/\/www.doppelklicker.de\/blog\/wp-json\/wp\/v2\/tags?post=8517"}],"curies":[{"name":"wp","href":"https:\/\/api.w.org\/{rel}","templated":true}]}}