{"id":8574,"date":"2024-06-14T08:00:00","date_gmt":"2024-06-14T06:00:00","guid":{"rendered":"guid"},"modified":"2024-06-14T08:00:00","modified_gmt":"2024-06-14T06:00:00","slug":"placido-domingo-philharmonie-baden-baden-alte-oper-frankfurt","status":"publish","type":"post","link":"https:\/\/www.doppelklicker.de\/blog\/placido-domingo-philharmonie-baden-baden-alte-oper-frankfurt\/","title":{"rendered":"Placido Domingo begeistert mit Solo-Konzert in Frankfurt"},"content":{"rendered":"<p>Am 5. April 2025 findet in der Alten Oper in Frankfurt ein besonderes Konzert statt, bei dem der renommierte spanische Dirigent, Operns\u00e4nger und Intendant Placido Domingo als Solist auftreten wird. Gemeinsam mit der Philharmonie Baden-Baden wird er eine beeindruckende Opern-Gala pr\u00e4sentieren. Das Konzert beginnt um 20 Uhr im Gro\u00dfen Saal der Alten Oper und verspricht ein unvergessliches musikalisches Erlebnis zu werden.<br \/>\n<!--more--><\/p>\n<div id=\"ez-toc-container\" class=\"ez-toc-v2_0_16 counter-hierarchy\">\n<div class=\"ez-toc-title-container\">\n<p class=\"ez-toc-title\">Inhaltsverzeichnis: Das erwartet Sie in diesem Artikel<\/p>\n<span class=\"ez-toc-title-toggle\"><a class=\"ez-toc-pull-right ez-toc-btn ez-toc-btn-xs ez-toc-btn-default ez-toc-toggle\" style=\"display: none;\"><i class=\"ez-toc-glyphicon ez-toc-icon-toggle\"><\/i><\/a><\/span><\/div>\n<nav><ul class=\"ez-toc-list ez-toc-list-level-1\"><li class=\"ez-toc-page-1 ez-toc-heading-level-2\"><a class=\"ez-toc-link ez-toc-heading-1\" href=\"https:\/\/www.doppelklicker.de\/blog\/placido-domingo-philharmonie-baden-baden-alte-oper-frankfurt\/#placido-domingo-ein-jahrhunderttalent-der-opernwelt\" title=\"Placido Domingo: Ein Jahrhunderttalent der Opernwelt\">Placido Domingo: Ein Jahrhunderttalent der Opernwelt<\/a><\/li><li class=\"ez-toc-page-1 ez-toc-heading-level-2\"><a class=\"ez-toc-link ez-toc-heading-2\" href=\"https:\/\/www.doppelklicker.de\/blog\/placido-domingo-philharmonie-baden-baden-alte-oper-frankfurt\/#placido-domingo-ein-angesehener-dirigent-und-universeller-kuenstler\" title=\"Placido Domingo: Ein angesehener Dirigent und universeller K\u00fcnstler\">Placido Domingo: Ein angesehener Dirigent und universeller K\u00fcnstler<\/a><\/li><li class=\"ez-toc-page-1 ez-toc-heading-level-2\"><a class=\"ez-toc-link ez-toc-heading-3\" href=\"https:\/\/www.doppelklicker.de\/blog\/placido-domingo-philharmonie-baden-baden-alte-oper-frankfurt\/#placido-domingo-der-pionier-des-crossovers-und-grammy-gewinner\" title=\"Placido Domingo: Der Pionier des Crossovers und Grammy-Gewinner\">Placido Domingo: Der Pionier des Crossovers und Grammy-Gewinner<\/a><\/li><li class=\"ez-toc-page-1 ez-toc-heading-level-2\"><a class=\"ez-toc-link ez-toc-heading-4\" href=\"https:\/\/www.doppelklicker.de\/blog\/placido-domingo-philharmonie-baden-baden-alte-oper-frankfurt\/#placido-domingo-und-philharmonie-baden-baden-in-glanzvoller-opern-gala\" title=\"Placido Domingo und Philharmonie Baden-Baden in glanzvoller Opern-Gala\">Placido Domingo und Philharmonie Baden-Baden in glanzvoller Opern-Gala<\/a><\/li><li class=\"ez-toc-page-1 ez-toc-heading-level-2\"><a class=\"ez-toc-link ez-toc-heading-5\" href=\"https:\/\/www.doppelklicker.de\/blog\/placido-domingo-philharmonie-baden-baden-alte-oper-frankfurt\/#einzigartige-stimme-und-talent-placido-domingo-begeistert-in-frankfurt\" title=\"Einzigartige Stimme und Talent: Placido Domingo begeistert in Frankfurt\">Einzigartige Stimme und Talent: Placido Domingo begeistert in Frankfurt<\/a><\/li><\/ul><\/nav><\/div>\n<h2><span class=\"ez-toc-section\" id=\"placido-domingo-ein-jahrhunderttalent-der-opernwelt\"><\/span>Placido Domingo: Ein Jahrhunderttalent der Opernwelt<span class=\"ez-toc-section-end\"><\/span><\/h2>\n<p>Mit einer beeindruckenden Anzahl von \u00fcber 150 Opernrollen hat Placido Domingo das Publikum weltweit seit \u00fcber 50 Jahren begeistert. Seine au\u00dfergew\u00f6hnliche Leistung wurde mit zahlreichen Auszeichnungen an renommierten Opernh\u00e4usern wie New York, Wien, Verona, Mailand und Buenos Aires gew\u00fcrdigt.<\/p>\n<h2><span class=\"ez-toc-section\" id=\"placido-domingo-ein-angesehener-dirigent-und-universeller-kuenstler\"><\/span>Placido Domingo: Ein angesehener Dirigent und universeller K\u00fcnstler<span class=\"ez-toc-section-end\"><\/span><\/h2>\n<p>Neben seiner beeindruckenden Karriere als Operns\u00e4nger hat sich Placido Domingo auch einen Namen als angesehener Dirigent gemacht. Mit \u00fcber 600 Auftritten weltweit hat er die Musikwelt mit seiner Universalit\u00e4t und Vielseitigkeit beeindruckt. Er wurde mit zahlreichen Ehrentiteln und prestigetr\u00e4chtigen Preisen ausgezeichnet und sein humanit\u00e4res Engagement wurde besonders gew\u00fcrdigt. Als Gr\u00fcnder des Operalia-Gesangswettbewerbs setzt er sich zudem f\u00fcr die F\u00f6rderung junger Gesangstalente ein und repr\u00e4sentiert als weltweiter Botschafter die spanische Kultur und Zarzuela, inspiriert von seinen Eltern.<\/p>\n<h2><span class=\"ez-toc-section\" id=\"placido-domingo-der-pionier-des-crossovers-und-grammy-gewinner\"><\/span>Placido Domingo: Der Pionier des Crossovers und Grammy-Gewinner<span class=\"ez-toc-section-end\"><\/span><\/h2>\n<p>Placido Domingo ist seit der WM 1990 als Mitglied der &#8222;Drei Ten\u00f6re&#8220; bekannt, wo er zusammen mit Jose Carreras und Luciano Pavarotti auftrat. Neben seiner beeindruckenden Karriere als Operns\u00e4nger hat Domingo auch den Crossover-Stil vorangetrieben und 12 Grammy Awards gewonnen. Sein Talent wurde mit einem Stern auf dem &#8222;Walk of Fame&#8220; in Hollywood gew\u00fcrdigt. Zudem hat er in renommierten Opernfilmen mitgewirkt, darunter Werke von Zeffirelli, Rosi und De Bosio.<\/p>\n<h2><span class=\"ez-toc-section\" id=\"placido-domingo-und-philharmonie-baden-baden-in-glanzvoller-opern-gala\"><\/span>Placido Domingo und Philharmonie Baden-Baden in glanzvoller Opern-Gala<span class=\"ez-toc-section-end\"><\/span><\/h2>\n<p>Am 5. April 2025 findet in der Alten Oper in Frankfurt eine herausragende Opern-Gala statt, bei der der weltber\u00fchmte Placido Domingo sein au\u00dfergew\u00f6hnliches Talent als Tenor und Bariton pr\u00e4sentieren wird. Die Zuschauer erwartet ein unvergesslicher Abend voller musikalischer H\u00f6hepunkte, begleitet von der Philharmonie Baden-Baden. Sichern Sie sich jetzt Ihre Tickets f\u00fcr diese einmalige Veranstaltung und erleben Sie die einzigartige Atmosph\u00e4re der Alten Oper.<\/p>\n<h2><span class=\"ez-toc-section\" id=\"einzigartige-stimme-und-talent-placido-domingo-begeistert-in-frankfurt\"><\/span>Einzigartige Stimme und Talent: Placido Domingo begeistert in Frankfurt<span class=\"ez-toc-section-end\"><\/span><\/h2>\n<p>Placido Domingo ist ein weltweit bekannter und hoch angesehener Tenor und Bariton, dessen einzigartige Stimme und Talent f\u00fcr Begeisterung sorgen. Sein bevorstehendes Konzert in der Alten Oper Frankfurt verspricht ein unvergessliches Erlebnis zu werden, bei dem Zuschauer die Gelegenheit haben, diesen herausragenden K\u00fcnstler live zu erleben. Lassen Sie sich von seiner au\u00dfergew\u00f6hnlichen Musikalit\u00e4t verzaubern und genie\u00dfen Sie einen Abend voller musikalischer H\u00f6hepunkte.<\/p>\n","protected":false},"excerpt":{"rendered":"<p>Am 5. April 2025 findet in der Alten Oper in Frankfurt ein besonderes Konzert statt, bei dem der renommierte spanische Dirigent, Operns\u00e4nger und Intendant Placido Domingo als Solist auftreten wird. Gemeinsam mit der Philharmonie Baden-Baden wird er eine beeindruckende Opern-Gala pr\u00e4sentieren. Das Konzert beginnt um 20 Uhr im Gro\u00dfen Saal der Alten Oper und verspricht<\/p>\n<div class=\"read-more\"><a href=\"https:\/\/www.doppelklicker.de\/blog\/placido-domingo-philharmonie-baden-baden-alte-oper-frankfurt\/\" title=\"Jetzt alles lesen\">Jetzt alles lesen<\/a><\/div>\n","protected":false},"author":8,"featured_media":8575,"comment_status":"open","ping_status":"open","sticky":false,"template":"","format":"standard","meta":[],"categories":[3305],"tags":[],"yoast_head":"<!-- This site is optimized with the Yoast SEO plugin v18.2 - https:\/\/yoast.com\/wordpress\/plugins\/seo\/ -->\n<meta name=\"robots\" content=\"index, follow, max-snippet:-1, max-image-preview:large, max-video-preview:-1\" \/>\n<link rel=\"canonical\" href=\"https:\/\/www.doppelklicker.de\/blog\/placido-domingo-philharmonie-baden-baden-alte-oper-frankfurt\/\" \/>\n<meta property=\"og:locale\" content=\"de_DE\" \/>\n<meta property=\"og:type\" content=\"article\" \/>\n<meta property=\"og:title\" content=\"Placido Domingo begeistert mit Solo-Konzert in Frankfurt\" \/>\n<meta property=\"og:description\" content=\"Am 5. April 2025 findet in der Alten Oper in Frankfurt ein besonderes Konzert statt, bei dem der renommierte spanische Dirigent, Operns\u00e4nger und Intendant Placido Domingo als Solist auftreten wird. Gemeinsam mit der Philharmonie Baden-Baden wird er eine beeindruckende Opern-Gala pr\u00e4sentieren. Das Konzert beginnt um 20 Uhr im Gro\u00dfen Saal der Alten Oper und versprichtJetzt alles lesen\" \/>\n<meta property=\"og:url\" content=\"https:\/\/www.doppelklicker.de\/blog\/placido-domingo-philharmonie-baden-baden-alte-oper-frankfurt\/\" \/>\n<meta property=\"og:site_name\" content=\"Aus Mainz.\" \/>\n<meta property=\"article:published_time\" content=\"2024-06-14T06:00:00+00:00\" \/>\n<meta property=\"og:image\" content=\"https:\/\/www.doppelklicker.de\/blog\/wp-content\/uploads\/2024\/07\/placido-domingo-begeistert-solo-konzert-frankfurt-21564.jpg\" \/>\n\t<meta property=\"og:image:width\" content=\"1280\" \/>\n\t<meta property=\"og:image:height\" content=\"615\" \/>\n\t<meta property=\"og:image:type\" content=\"image\/jpeg\" \/>\n<meta name=\"twitter:card\" content=\"summary_large_image\" \/>\n<meta name=\"twitter:label1\" content=\"Verfasst von\" \/>\n\t<meta name=\"twitter:data1\" content=\"Iris Martin\" \/>\n\t<meta name=\"twitter:label2\" content=\"Gesch\u00e4tzte Lesezeit\" \/>\n\t<meta name=\"twitter:data2\" content=\"2 Minuten\" \/>\n<script type=\"application\/ld+json\" class=\"yoast-schema-graph\">{\"@context\":\"https:\/\/schema.org\",\"@graph\":[{\"@type\":\"WebSite\",\"@id\":\"https:\/\/www.doppelklicker.de\/blog\/#website\",\"url\":\"https:\/\/www.doppelklicker.de\/blog\/\",\"name\":\"Aus Mainz.\",\"description\":\"F\u00fcr die Welt.\",\"potentialAction\":[{\"@type\":\"SearchAction\",\"target\":{\"@type\":\"EntryPoint\",\"urlTemplate\":\"https:\/\/www.doppelklicker.de\/blog\/?s={search_term_string}\"},\"query-input\":\"required name=search_term_string\"}],\"inLanguage\":\"de-DE\"},{\"@type\":\"ImageObject\",\"@id\":\"https:\/\/www.doppelklicker.de\/blog\/placido-domingo-philharmonie-baden-baden-alte-oper-frankfurt\/#primaryimage\",\"inLanguage\":\"de-DE\",\"url\":\"https:\/\/www.doppelklicker.de\/blog\/wp-content\/uploads\/2024\/07\/placido-domingo-begeistert-solo-konzert-frankfurt-21564.jpg\",\"contentUrl\":\"https:\/\/www.doppelklicker.de\/blog\/wp-content\/uploads\/2024\/07\/placido-domingo-begeistert-solo-konzert-frankfurt-21564.jpg\",\"width\":1280,\"height\":615,\"caption\":\"Placido Domingo begeistert mit Solo-Konzert in Frankfurt (Foto: Fiorenzo Niccoli)\"},{\"@type\":\"WebPage\",\"@id\":\"https:\/\/www.doppelklicker.de\/blog\/placido-domingo-philharmonie-baden-baden-alte-oper-frankfurt\/#webpage\",\"url\":\"https:\/\/www.doppelklicker.de\/blog\/placido-domingo-philharmonie-baden-baden-alte-oper-frankfurt\/\",\"name\":\"Placido Domingo begeistert mit Solo-Konzert in Frankfurt\",\"isPartOf\":{\"@id\":\"https:\/\/www.doppelklicker.de\/blog\/#website\"},\"primaryImageOfPage\":{\"@id\":\"https:\/\/www.doppelklicker.de\/blog\/placido-domingo-philharmonie-baden-baden-alte-oper-frankfurt\/#primaryimage\"},\"datePublished\":\"2024-06-14T06:00:00+00:00\",\"dateModified\":\"2024-06-14T06:00:00+00:00\",\"author\":{\"@id\":\"https:\/\/www.doppelklicker.de\/blog\/#\/schema\/person\/08dcac172bdb025e8ff433488184668a\"},\"breadcrumb\":{\"@id\":\"https:\/\/www.doppelklicker.de\/blog\/placido-domingo-philharmonie-baden-baden-alte-oper-frankfurt\/#breadcrumb\"},\"inLanguage\":\"de-DE\",\"potentialAction\":[{\"@type\":\"ReadAction\",\"target\":[\"https:\/\/www.doppelklicker.de\/blog\/placido-domingo-philharmonie-baden-baden-alte-oper-frankfurt\/\"]}]},{\"@type\":\"BreadcrumbList\",\"@id\":\"https:\/\/www.doppelklicker.de\/blog\/placido-domingo-philharmonie-baden-baden-alte-oper-frankfurt\/#breadcrumb\",\"itemListElement\":[{\"@type\":\"ListItem\",\"position\":1,\"name\":\"Startseite\",\"item\":\"https:\/\/www.doppelklicker.de\/blog\/\"},{\"@type\":\"ListItem\",\"position\":2,\"name\":\"Placido Domingo begeistert mit Solo-Konzert in Frankfurt\"}]},{\"@type\":\"Person\",\"@id\":\"https:\/\/www.doppelklicker.de\/blog\/#\/schema\/person\/08dcac172bdb025e8ff433488184668a\",\"name\":\"Iris Martin\",\"image\":{\"@type\":\"ImageObject\",\"@id\":\"https:\/\/www.doppelklicker.de\/blog\/#personlogo\",\"inLanguage\":\"de-DE\",\"url\":\"https:\/\/secure.gravatar.com\/avatar\/82fdaa093be0b9686b531f99fcb54d15?s=96&d=wp_user_avatar&r=g\",\"contentUrl\":\"https:\/\/secure.gravatar.com\/avatar\/82fdaa093be0b9686b531f99fcb54d15?s=96&d=wp_user_avatar&r=g\",\"caption\":\"Iris Martin\"},\"url\":\"https:\/\/www.doppelklicker.de\/blog\/author\/iris-martin\/\"}]}<\/script>\n<!-- \/ Yoast SEO plugin. -->","yoast_head_json":{"robots":{"index":"index","follow":"follow","max-snippet":"max-snippet:-1","max-image-preview":"max-image-preview:large","max-video-preview":"max-video-preview:-1"},"canonical":"https:\/\/www.doppelklicker.de\/blog\/placido-domingo-philharmonie-baden-baden-alte-oper-frankfurt\/","og_locale":"de_DE","og_type":"article","og_title":"Placido Domingo begeistert mit Solo-Konzert in Frankfurt","og_description":"Am 5. April 2025 findet in der Alten Oper in Frankfurt ein besonderes Konzert statt, bei dem der renommierte spanische Dirigent, Operns\u00e4nger und Intendant Placido Domingo als Solist auftreten wird. Gemeinsam mit der Philharmonie Baden-Baden wird er eine beeindruckende Opern-Gala pr\u00e4sentieren. Das Konzert beginnt um 20 Uhr im Gro\u00dfen Saal der Alten Oper und versprichtJetzt alles lesen","og_url":"https:\/\/www.doppelklicker.de\/blog\/placido-domingo-philharmonie-baden-baden-alte-oper-frankfurt\/","og_site_name":"Aus Mainz.","article_published_time":"2024-06-14T06:00:00+00:00","og_image":[{"width":1280,"height":615,"url":"https:\/\/www.doppelklicker.de\/blog\/wp-content\/uploads\/2024\/07\/placido-domingo-begeistert-solo-konzert-frankfurt-21564.jpg","type":"image\/jpeg"}],"twitter_card":"summary_large_image","twitter_misc":{"Verfasst von":"Iris Martin","Gesch\u00e4tzte Lesezeit":"2 Minuten"},"schema":{"@context":"https:\/\/schema.org","@graph":[{"@type":"WebSite","@id":"https:\/\/www.doppelklicker.de\/blog\/#website","url":"https:\/\/www.doppelklicker.de\/blog\/","name":"Aus Mainz.","description":"F\u00fcr die Welt.","potentialAction":[{"@type":"SearchAction","target":{"@type":"EntryPoint","urlTemplate":"https:\/\/www.doppelklicker.de\/blog\/?s={search_term_string}"},"query-input":"required name=search_term_string"}],"inLanguage":"de-DE"},{"@type":"ImageObject","@id":"https:\/\/www.doppelklicker.de\/blog\/placido-domingo-philharmonie-baden-baden-alte-oper-frankfurt\/#primaryimage","inLanguage":"de-DE","url":"https:\/\/www.doppelklicker.de\/blog\/wp-content\/uploads\/2024\/07\/placido-domingo-begeistert-solo-konzert-frankfurt-21564.jpg","contentUrl":"https:\/\/www.doppelklicker.de\/blog\/wp-content\/uploads\/2024\/07\/placido-domingo-begeistert-solo-konzert-frankfurt-21564.jpg","width":1280,"height":615,"caption":"Placido Domingo begeistert mit Solo-Konzert in Frankfurt (Foto: Fiorenzo Niccoli)"},{"@type":"WebPage","@id":"https:\/\/www.doppelklicker.de\/blog\/placido-domingo-philharmonie-baden-baden-alte-oper-frankfurt\/#webpage","url":"https:\/\/www.doppelklicker.de\/blog\/placido-domingo-philharmonie-baden-baden-alte-oper-frankfurt\/","name":"Placido Domingo begeistert mit Solo-Konzert in Frankfurt","isPartOf":{"@id":"https:\/\/www.doppelklicker.de\/blog\/#website"},"primaryImageOfPage":{"@id":"https:\/\/www.doppelklicker.de\/blog\/placido-domingo-philharmonie-baden-baden-alte-oper-frankfurt\/#primaryimage"},"datePublished":"2024-06-14T06:00:00+00:00","dateModified":"2024-06-14T06:00:00+00:00","author":{"@id":"https:\/\/www.doppelklicker.de\/blog\/#\/schema\/person\/08dcac172bdb025e8ff433488184668a"},"breadcrumb":{"@id":"https:\/\/www.doppelklicker.de\/blog\/placido-domingo-philharmonie-baden-baden-alte-oper-frankfurt\/#breadcrumb"},"inLanguage":"de-DE","potentialAction":[{"@type":"ReadAction","target":["https:\/\/www.doppelklicker.de\/blog\/placido-domingo-philharmonie-baden-baden-alte-oper-frankfurt\/"]}]},{"@type":"BreadcrumbList","@id":"https:\/\/www.doppelklicker.de\/blog\/placido-domingo-philharmonie-baden-baden-alte-oper-frankfurt\/#breadcrumb","itemListElement":[{"@type":"ListItem","position":1,"name":"Startseite","item":"https:\/\/www.doppelklicker.de\/blog\/"},{"@type":"ListItem","position":2,"name":"Placido Domingo begeistert mit Solo-Konzert in Frankfurt"}]},{"@type":"Person","@id":"https:\/\/www.doppelklicker.de\/blog\/#\/schema\/person\/08dcac172bdb025e8ff433488184668a","name":"Iris Martin","image":{"@type":"ImageObject","@id":"https:\/\/www.doppelklicker.de\/blog\/#personlogo","inLanguage":"de-DE","url":"https:\/\/secure.gravatar.com\/avatar\/82fdaa093be0b9686b531f99fcb54d15?s=96&d=wp_user_avatar&r=g","contentUrl":"https:\/\/secure.gravatar.com\/avatar\/82fdaa093be0b9686b531f99fcb54d15?s=96&d=wp_user_avatar&r=g","caption":"Iris Martin"},"url":"https:\/\/www.doppelklicker.de\/blog\/author\/iris-martin\/"}]}},"_links":{"self":[{"href":"https:\/\/www.doppelklicker.de\/blog\/wp-json\/wp\/v2\/posts\/8574"}],"collection":[{"href":"https:\/\/www.doppelklicker.de\/blog\/wp-json\/wp\/v2\/posts"}],"about":[{"href":"https:\/\/www.doppelklicker.de\/blog\/wp-json\/wp\/v2\/types\/post"}],"author":[{"embeddable":true,"href":"https:\/\/www.doppelklicker.de\/blog\/wp-json\/wp\/v2\/users\/8"}],"replies":[{"embeddable":true,"href":"https:\/\/www.doppelklicker.de\/blog\/wp-json\/wp\/v2\/comments?post=8574"}],"version-history":[{"count":0,"href":"https:\/\/www.doppelklicker.de\/blog\/wp-json\/wp\/v2\/posts\/8574\/revisions"}],"wp:featuredmedia":[{"embeddable":true,"href":"https:\/\/www.doppelklicker.de\/blog\/wp-json\/wp\/v2\/media\/8575"}],"wp:attachment":[{"href":"https:\/\/www.doppelklicker.de\/blog\/wp-json\/wp\/v2\/media?parent=8574"}],"wp:term":[{"taxonomy":"category","embeddable":true,"href":"https:\/\/www.doppelklicker.de\/blog\/wp-json\/wp\/v2\/categories?post=8574"},{"taxonomy":"post_tag","embeddable":true,"href":"https:\/\/www.doppelklicker.de\/blog\/wp-json\/wp\/v2\/tags?post=8574"}],"curies":[{"name":"wp","href":"https:\/\/api.w.org\/{rel}","templated":true}]}}