{"id":8761,"date":"2024-08-05T08:00:00","date_gmt":"2024-08-05T06:00:00","guid":{"rendered":"guid"},"modified":"2024-08-05T08:00:00","modified_gmt":"2024-08-05T06:00:00","slug":"arndt-mobility-group-eroeffnet-neue-vermietstation-in-koeln-ossendorf","status":"publish","type":"post","link":"https:\/\/www.doppelklicker.de\/blog\/arndt-mobility-group-eroeffnet-neue-vermietstation-in-koeln-ossendorf\/","title":{"rendered":"Erfahrener Stationsleiter betreut Medienkunden in K\u00f6ln-Ossendorf"},"content":{"rendered":"<p>Ab dem 1. August 2024 er\u00f6ffnet die ARNDT Mobility Group eine neue Vermietstation auf dem Gel\u00e4nde der MMC-Studios in K\u00f6ln-Ossendorf, um dem steigenden Bedarf an kurzfristig verf\u00fcgbaren Fahrzeugen in der Medienbranche gerecht zu werden. Der Standort Am Coloneum 1 wird zur zentralen Anlaufstelle f\u00fcr Mediengesch\u00e4fte in ganz Deutschland und bietet das gesamte ARNDT-Portfolio an Fahrzeugen. Kunden haben die Wahl zwischen PKW, Transportern und LKW mit einem zul\u00e4ssigen Gesamtgewicht von 40 Tonnen.<br \/>\n<!--more--><\/p>\n<div id=\"ez-toc-container\" class=\"ez-toc-v2_0_16 counter-hierarchy\">\n<div class=\"ez-toc-title-container\">\n<p class=\"ez-toc-title\">Inhaltsverzeichnis: Das erwartet Sie in diesem Artikel<\/p>\n<span class=\"ez-toc-title-toggle\"><a class=\"ez-toc-pull-right ez-toc-btn ez-toc-btn-xs ez-toc-btn-default ez-toc-toggle\" style=\"display: none;\"><i class=\"ez-toc-glyphicon ez-toc-icon-toggle\"><\/i><\/a><\/span><\/div>\n<nav><ul class=\"ez-toc-list ez-toc-list-level-1\"><li class=\"ez-toc-page-1 ez-toc-heading-level-2\"><a class=\"ez-toc-link ez-toc-heading-1\" href=\"https:\/\/www.doppelklicker.de\/blog\/arndt-mobility-group-eroeffnet-neue-vermietstation-in-koeln-ossendorf\/#arndt-als-zuverlaessiger-partner-fuer-veranstaltungen-und-produktionen-in-der-medienbranche\" title=\"ARNDT als zuverl\u00e4ssiger Partner f\u00fcr Veranstaltungen und Produktionen in der Medienbranche\">ARNDT als zuverl\u00e4ssiger Partner f\u00fcr Veranstaltungen und Produktionen in der Medienbranche<\/a><\/li><li class=\"ez-toc-page-1 ez-toc-heading-level-2\"><a class=\"ez-toc-link ez-toc-heading-2\" href=\"https:\/\/www.doppelklicker.de\/blog\/arndt-mobility-group-eroeffnet-neue-vermietstation-in-koeln-ossendorf\/#stationsleiter-frank-nieber-betreut-namhafte-produktionsgesellschaften-in-koeln\" title=\"Stationsleiter Frank Nieber betreut namhafte Produktionsgesellschaften in K\u00f6ln\">Stationsleiter Frank Nieber betreut namhafte Produktionsgesellschaften in K\u00f6ln<\/a><\/li><li class=\"ez-toc-page-1 ez-toc-heading-level-2\"><a class=\"ez-toc-link ez-toc-heading-3\" href=\"https:\/\/www.doppelklicker.de\/blog\/arndt-mobility-group-eroeffnet-neue-vermietstation-in-koeln-ossendorf\/#neue-vermietstation-ermoeglicht-optimale-betreuung-von-medienkunden\" title=\"Neue Vermietstation erm\u00f6glicht optimale Betreuung von Medienkunden\">Neue Vermietstation erm\u00f6glicht optimale Betreuung von Medienkunden<\/a><\/li><li class=\"ez-toc-page-1 ez-toc-heading-level-2\"><a class=\"ez-toc-link ez-toc-heading-4\" href=\"https:\/\/www.doppelklicker.de\/blog\/arndt-mobility-group-eroeffnet-neue-vermietstation-in-koeln-ossendorf\/#arndt-erkennt-potenzial-in-koeln-als-medienstandort\" title=\"ARNDT erkennt Potenzial in K\u00f6ln als Medienstandort\">ARNDT erkennt Potenzial in K\u00f6ln als Medienstandort<\/a><\/li><\/ul><\/nav><\/div>\n<h2><span class=\"ez-toc-section\" id=\"arndt-als-zuverlaessiger-partner-fuer-veranstaltungen-und-produktionen-in-der-medienbranche\"><\/span>ARNDT als zuverl\u00e4ssiger Partner f\u00fcr Veranstaltungen und Produktionen in der Medienbranche<span class=\"ez-toc-section-end\"><\/span><\/h2>\n<p>Mit Fokus auf die Bed\u00fcrfnisse der Medienbranche bietet die ARNDT Mobility Group ma\u00dfgeschneiderte L\u00f6sungen f\u00fcr Film- und Fernsehkunden. Dabei legt das Unternehmen besonderen Wert auf Flexibilit\u00e4t, kurzfristige Verf\u00fcgbarkeit von Fahrzeugen und pers\u00f6nliche Ansprechpartner. Individuelle Kundenw\u00fcnsche werden ber\u00fccksichtigt, flexible Laufzeiten und spezielle Ausstattungsoptionen wie Regalsysteme im Laderaum sind m\u00f6glich. Durch die enge Zusammenarbeit mit der Medienbranche stellt ARNDT Fahrzeuge f\u00fcr gro\u00dfe Veranstaltungen und Produktionen bereit, darunter auch der j\u00e4hrlich stattfindende Deutsche Fernsehpreis in den MMC-Studios.<\/p>\n<h2><span class=\"ez-toc-section\" id=\"stationsleiter-frank-nieber-betreut-namhafte-produktionsgesellschaften-in-koeln\"><\/span>Stationsleiter Frank Nieber betreut namhafte Produktionsgesellschaften in K\u00f6ln<span class=\"ez-toc-section-end\"><\/span><\/h2>\n<p>Frank Nieber, Stationsleiter der neuen Vermietstation in K\u00f6ln-Ossendorf, ist ein erfahrener Experte in der Betreuung von Medienkunden. Bereits seit 15 Jahren ist er in dieser Branche t\u00e4tig und bringt daher umfangreiches Wissen \u00fcber die spezifischen Herausforderungen mit. Durch seine vorherige Position als Stationsleiter des ersten K\u00f6lner Standortes hat er zudem ein tiefes Verst\u00e4ndnis f\u00fcr die Bed\u00fcrfnisse von Film- und Fernsehkunden entwickelt. Frank Nieber freut sich auf die Zusammenarbeit mit namhaften Produktionsgesellschaften und die Mitwirkung bei Live-Events in den MMC-Studios.<\/p>\n<h2><span class=\"ez-toc-section\" id=\"neue-vermietstation-ermoeglicht-optimale-betreuung-von-medienkunden\"><\/span>Neue Vermietstation erm\u00f6glicht optimale Betreuung von Medienkunden<span class=\"ez-toc-section-end\"><\/span><\/h2>\n<p>Die neue Vermietstation der ARNDT Mobility Group in K\u00f6ln-Ossendorf ist speziell auf die Betreuung von Firmenkunden aus der Medien- und Filmbranche ausgerichtet. Durch die zentrale Bearbeitung und Buchung von Reservierungen k\u00f6nnen nun auch gr\u00f6\u00dfere Filmproduktionen, Events und Limousinenservices bequem abgewickelt werden. Dar\u00fcber hinaus bietet die Station die M\u00f6glichkeit, Vermietungen au\u00dferhalb des Stationsnetzes durch Fahrdienste flexibel abzuwickeln. Mit gro\u00dfz\u00fcgigen \u00d6ffnungszeiten von montags bis freitags von 8:00 bis 18:00 Uhr und einem rund um die Uhr erreichbaren Notdienst ist die Station optimal auf die Anforderungen der Branche abgestimmt. Gesch\u00e4ftsf\u00fchrer Moritz Arndt betont, dass das Unternehmen das Potenzial des Medienstandorts K\u00f6ln erkannt hat und seine Angebote f\u00fcr die Branche kontinuierlich optimiert.<\/p>\n<h2><span class=\"ez-toc-section\" id=\"arndt-erkennt-potenzial-in-koeln-als-medienstandort\"><\/span>ARNDT erkennt Potenzial in K\u00f6ln als Medienstandort<span class=\"ez-toc-section-end\"><\/span><\/h2>\n<p>Mit der Er\u00f6ffnung einer neuen Vermietstation in K\u00f6ln-Ossendorf reagiert die ARNDT Mobility Group auf die wachsende Nachfrage nach kurzfristig verf\u00fcgbaren Fahrzeugen in der Medienbranche. Durch flexible L\u00f6sungen, pers\u00f6nlichen Service und eine enge Vernetzung mit der Branche bietet ARNDT ma\u00dfgeschneiderte L\u00f6sungen f\u00fcr Film- und Fernsehkunden. Die neue Station erm\u00f6glicht eine zentrale Bearbeitung von Reservierungen und bietet die M\u00f6glichkeit, auch au\u00dferhalb des Stationsnetzes Fahrzeugvermietungen abzuwickeln. ARNDT erkennt das Potenzial des Medienstandorts K\u00f6ln und wird seine Angebote f\u00fcr die Branche weiter ausbauen und optimieren.<\/p>\n","protected":false},"excerpt":{"rendered":"<p>Ab dem 1. August 2024 er\u00f6ffnet die ARNDT Mobility Group eine neue Vermietstation auf dem Gel\u00e4nde der MMC-Studios in K\u00f6ln-Ossendorf, um dem steigenden Bedarf an kurzfristig verf\u00fcgbaren Fahrzeugen in der Medienbranche gerecht zu werden. Der Standort Am Coloneum 1 wird zur zentralen Anlaufstelle f\u00fcr Mediengesch\u00e4fte in ganz Deutschland und bietet das gesamte ARNDT-Portfolio an Fahrzeugen.<\/p>\n<div class=\"read-more\"><a href=\"https:\/\/www.doppelklicker.de\/blog\/arndt-mobility-group-eroeffnet-neue-vermietstation-in-koeln-ossendorf\/\" title=\"Jetzt alles lesen\">Jetzt alles lesen<\/a><\/div>\n","protected":false},"author":8,"featured_media":8766,"comment_status":"open","ping_status":"open","sticky":false,"template":"","format":"standard","meta":[],"categories":[3305],"tags":[],"yoast_head":"<!-- This site is optimized with the Yoast SEO plugin v18.2 - https:\/\/yoast.com\/wordpress\/plugins\/seo\/ -->\n<meta name=\"robots\" content=\"index, follow, max-snippet:-1, max-image-preview:large, max-video-preview:-1\" \/>\n<meta property=\"og:locale\" content=\"de_DE\" \/>\n<meta property=\"og:type\" content=\"article\" \/>\n<meta property=\"og:title\" content=\"Erfahrener Stationsleiter betreut Medienkunden in K\u00f6ln-Ossendorf\" \/>\n<meta property=\"og:description\" content=\"Ab dem 1. August 2024 er\u00f6ffnet die ARNDT Mobility Group eine neue Vermietstation auf dem Gel\u00e4nde der MMC-Studios in K\u00f6ln-Ossendorf, um dem steigenden Bedarf an kurzfristig verf\u00fcgbaren Fahrzeugen in der Medienbranche gerecht zu werden. Der Standort Am Coloneum 1 wird zur zentralen Anlaufstelle f\u00fcr Mediengesch\u00e4fte in ganz Deutschland und bietet das gesamte ARNDT-Portfolio an Fahrzeugen.Jetzt alles lesen\" \/>\n<meta property=\"og:url\" content=\"https:\/\/www.doppelklicker.de\/blog\/?p=8761\" \/>\n<meta property=\"og:site_name\" content=\"Aus Mainz.\" \/>\n<meta property=\"article:published_time\" content=\"2024-08-05T06:00:00+00:00\" \/>\n<meta property=\"og:image\" content=\"https:\/\/www.doppelklicker.de\/blog\/wp-content\/uploads\/2024\/08\/arndt-mobility-group-eroeffnet-neue-vermietstation-21806.jpg\" \/>\n\t<meta property=\"og:image:width\" content=\"1280\" \/>\n\t<meta property=\"og:image:height\" content=\"615\" \/>\n\t<meta property=\"og:image:type\" content=\"image\/jpeg\" \/>\n<meta name=\"twitter:card\" content=\"summary_large_image\" \/>\n<meta name=\"twitter:label1\" content=\"Verfasst von\" \/>\n\t<meta name=\"twitter:data1\" content=\"Iris Martin\" \/>\n\t<meta name=\"twitter:label2\" content=\"Gesch\u00e4tzte Lesezeit\" \/>\n\t<meta name=\"twitter:data2\" content=\"2 Minuten\" \/>\n<script type=\"application\/ld+json\" class=\"yoast-schema-graph\">{\"@context\":\"https:\/\/schema.org\",\"@graph\":[{\"@type\":\"WebSite\",\"@id\":\"https:\/\/www.doppelklicker.de\/blog\/#website\",\"url\":\"https:\/\/www.doppelklicker.de\/blog\/\",\"name\":\"Aus Mainz.\",\"description\":\"F\u00fcr die Welt.\",\"potentialAction\":[{\"@type\":\"SearchAction\",\"target\":{\"@type\":\"EntryPoint\",\"urlTemplate\":\"https:\/\/www.doppelklicker.de\/blog\/?s={search_term_string}\"},\"query-input\":\"required name=search_term_string\"}],\"inLanguage\":\"de-DE\"},{\"@type\":\"ImageObject\",\"@id\":\"https:\/\/www.doppelklicker.de\/blog\/?p=8761#primaryimage\",\"inLanguage\":\"de-DE\",\"url\":\"https:\/\/www.doppelklicker.de\/blog\/wp-content\/uploads\/2024\/08\/arndt-mobility-group-eroeffnet-neue-vermietstation-21806.jpg\",\"contentUrl\":\"https:\/\/www.doppelklicker.de\/blog\/wp-content\/uploads\/2024\/08\/arndt-mobility-group-eroeffnet-neue-vermietstation-21806.jpg\",\"width\":1280,\"height\":615,\"caption\":\"Erfahrener Stationsleiter betreut Medienkunden in K\u00f6ln-Ossendorf (Foto: Fotodesign mangual.de)\"},{\"@type\":\"WebPage\",\"@id\":\"https:\/\/www.doppelklicker.de\/blog\/?p=8761#webpage\",\"url\":\"https:\/\/www.doppelklicker.de\/blog\/?p=8761\",\"name\":\"Erfahrener Stationsleiter betreut Medienkunden in K\u00f6ln-Ossendorf\",\"isPartOf\":{\"@id\":\"https:\/\/www.doppelklicker.de\/blog\/#website\"},\"primaryImageOfPage\":{\"@id\":\"https:\/\/www.doppelklicker.de\/blog\/?p=8761#primaryimage\"},\"datePublished\":\"2024-08-05T06:00:00+00:00\",\"dateModified\":\"2024-08-05T06:00:00+00:00\",\"author\":{\"@id\":\"https:\/\/www.doppelklicker.de\/blog\/#\/schema\/person\/08dcac172bdb025e8ff433488184668a\"},\"breadcrumb\":{\"@id\":\"https:\/\/www.doppelklicker.de\/blog\/?p=8761#breadcrumb\"},\"inLanguage\":\"de-DE\",\"potentialAction\":[{\"@type\":\"ReadAction\",\"target\":[\"https:\/\/www.doppelklicker.de\/blog\/?p=8761\"]}]},{\"@type\":\"BreadcrumbList\",\"@id\":\"https:\/\/www.doppelklicker.de\/blog\/?p=8761#breadcrumb\",\"itemListElement\":[{\"@type\":\"ListItem\",\"position\":1,\"name\":\"Startseite\",\"item\":\"https:\/\/www.doppelklicker.de\/blog\/\"},{\"@type\":\"ListItem\",\"position\":2,\"name\":\"Erfahrener Stationsleiter betreut Medienkunden in K\u00f6ln-Ossendorf\"}]},{\"@type\":\"Person\",\"@id\":\"https:\/\/www.doppelklicker.de\/blog\/#\/schema\/person\/08dcac172bdb025e8ff433488184668a\",\"name\":\"Iris Martin\",\"image\":{\"@type\":\"ImageObject\",\"@id\":\"https:\/\/www.doppelklicker.de\/blog\/#personlogo\",\"inLanguage\":\"de-DE\",\"url\":\"https:\/\/secure.gravatar.com\/avatar\/82fdaa093be0b9686b531f99fcb54d15?s=96&d=wp_user_avatar&r=g\",\"contentUrl\":\"https:\/\/secure.gravatar.com\/avatar\/82fdaa093be0b9686b531f99fcb54d15?s=96&d=wp_user_avatar&r=g\",\"caption\":\"Iris Martin\"},\"url\":\"https:\/\/www.doppelklicker.de\/blog\/author\/iris-martin\/\"}]}<\/script>\n<!-- \/ Yoast SEO plugin. -->","yoast_head_json":{"robots":{"index":"index","follow":"follow","max-snippet":"max-snippet:-1","max-image-preview":"max-image-preview:large","max-video-preview":"max-video-preview:-1"},"og_locale":"de_DE","og_type":"article","og_title":"Erfahrener Stationsleiter betreut Medienkunden in K\u00f6ln-Ossendorf","og_description":"Ab dem 1. August 2024 er\u00f6ffnet die ARNDT Mobility Group eine neue Vermietstation auf dem Gel\u00e4nde der MMC-Studios in K\u00f6ln-Ossendorf, um dem steigenden Bedarf an kurzfristig verf\u00fcgbaren Fahrzeugen in der Medienbranche gerecht zu werden. Der Standort Am Coloneum 1 wird zur zentralen Anlaufstelle f\u00fcr Mediengesch\u00e4fte in ganz Deutschland und bietet das gesamte ARNDT-Portfolio an Fahrzeugen.Jetzt alles lesen","og_url":"https:\/\/www.doppelklicker.de\/blog\/?p=8761","og_site_name":"Aus Mainz.","article_published_time":"2024-08-05T06:00:00+00:00","og_image":[{"width":1280,"height":615,"url":"https:\/\/www.doppelklicker.de\/blog\/wp-content\/uploads\/2024\/08\/arndt-mobility-group-eroeffnet-neue-vermietstation-21806.jpg","type":"image\/jpeg"}],"twitter_card":"summary_large_image","twitter_misc":{"Verfasst von":"Iris Martin","Gesch\u00e4tzte Lesezeit":"2 Minuten"},"schema":{"@context":"https:\/\/schema.org","@graph":[{"@type":"WebSite","@id":"https:\/\/www.doppelklicker.de\/blog\/#website","url":"https:\/\/www.doppelklicker.de\/blog\/","name":"Aus Mainz.","description":"F\u00fcr die Welt.","potentialAction":[{"@type":"SearchAction","target":{"@type":"EntryPoint","urlTemplate":"https:\/\/www.doppelklicker.de\/blog\/?s={search_term_string}"},"query-input":"required name=search_term_string"}],"inLanguage":"de-DE"},{"@type":"ImageObject","@id":"https:\/\/www.doppelklicker.de\/blog\/?p=8761#primaryimage","inLanguage":"de-DE","url":"https:\/\/www.doppelklicker.de\/blog\/wp-content\/uploads\/2024\/08\/arndt-mobility-group-eroeffnet-neue-vermietstation-21806.jpg","contentUrl":"https:\/\/www.doppelklicker.de\/blog\/wp-content\/uploads\/2024\/08\/arndt-mobility-group-eroeffnet-neue-vermietstation-21806.jpg","width":1280,"height":615,"caption":"Erfahrener Stationsleiter betreut Medienkunden in K\u00f6ln-Ossendorf (Foto: Fotodesign mangual.de)"},{"@type":"WebPage","@id":"https:\/\/www.doppelklicker.de\/blog\/?p=8761#webpage","url":"https:\/\/www.doppelklicker.de\/blog\/?p=8761","name":"Erfahrener Stationsleiter betreut Medienkunden in K\u00f6ln-Ossendorf","isPartOf":{"@id":"https:\/\/www.doppelklicker.de\/blog\/#website"},"primaryImageOfPage":{"@id":"https:\/\/www.doppelklicker.de\/blog\/?p=8761#primaryimage"},"datePublished":"2024-08-05T06:00:00+00:00","dateModified":"2024-08-05T06:00:00+00:00","author":{"@id":"https:\/\/www.doppelklicker.de\/blog\/#\/schema\/person\/08dcac172bdb025e8ff433488184668a"},"breadcrumb":{"@id":"https:\/\/www.doppelklicker.de\/blog\/?p=8761#breadcrumb"},"inLanguage":"de-DE","potentialAction":[{"@type":"ReadAction","target":["https:\/\/www.doppelklicker.de\/blog\/?p=8761"]}]},{"@type":"BreadcrumbList","@id":"https:\/\/www.doppelklicker.de\/blog\/?p=8761#breadcrumb","itemListElement":[{"@type":"ListItem","position":1,"name":"Startseite","item":"https:\/\/www.doppelklicker.de\/blog\/"},{"@type":"ListItem","position":2,"name":"Erfahrener Stationsleiter betreut Medienkunden in K\u00f6ln-Ossendorf"}]},{"@type":"Person","@id":"https:\/\/www.doppelklicker.de\/blog\/#\/schema\/person\/08dcac172bdb025e8ff433488184668a","name":"Iris Martin","image":{"@type":"ImageObject","@id":"https:\/\/www.doppelklicker.de\/blog\/#personlogo","inLanguage":"de-DE","url":"https:\/\/secure.gravatar.com\/avatar\/82fdaa093be0b9686b531f99fcb54d15?s=96&d=wp_user_avatar&r=g","contentUrl":"https:\/\/secure.gravatar.com\/avatar\/82fdaa093be0b9686b531f99fcb54d15?s=96&d=wp_user_avatar&r=g","caption":"Iris Martin"},"url":"https:\/\/www.doppelklicker.de\/blog\/author\/iris-martin\/"}]}},"_links":{"self":[{"href":"https:\/\/www.doppelklicker.de\/blog\/wp-json\/wp\/v2\/posts\/8761"}],"collection":[{"href":"https:\/\/www.doppelklicker.de\/blog\/wp-json\/wp\/v2\/posts"}],"about":[{"href":"https:\/\/www.doppelklicker.de\/blog\/wp-json\/wp\/v2\/types\/post"}],"author":[{"embeddable":true,"href":"https:\/\/www.doppelklicker.de\/blog\/wp-json\/wp\/v2\/users\/8"}],"replies":[{"embeddable":true,"href":"https:\/\/www.doppelklicker.de\/blog\/wp-json\/wp\/v2\/comments?post=8761"}],"version-history":[{"count":0,"href":"https:\/\/www.doppelklicker.de\/blog\/wp-json\/wp\/v2\/posts\/8761\/revisions"}],"wp:featuredmedia":[{"embeddable":true,"href":"https:\/\/www.doppelklicker.de\/blog\/wp-json\/wp\/v2\/media\/8766"}],"wp:attachment":[{"href":"https:\/\/www.doppelklicker.de\/blog\/wp-json\/wp\/v2\/media?parent=8761"}],"wp:term":[{"taxonomy":"category","embeddable":true,"href":"https:\/\/www.doppelklicker.de\/blog\/wp-json\/wp\/v2\/categories?post=8761"},{"taxonomy":"post_tag","embeddable":true,"href":"https:\/\/www.doppelklicker.de\/blog\/wp-json\/wp\/v2\/tags?post=8761"}],"curies":[{"name":"wp","href":"https:\/\/api.w.org\/{rel}","templated":true}]}}