{"id":8863,"date":"2024-08-16T09:00:00","date_gmt":"2024-08-16T07:00:00","guid":{"rendered":"guid"},"modified":"2024-08-16T09:00:00","modified_gmt":"2024-08-16T07:00:00","slug":"classen-gruppe-und-naturwind-planen-windpark","status":"publish","type":"post","link":"https:\/\/www.doppelklicker.de\/blog\/classen-gruppe-und-naturwind-planen-windpark\/","title":{"rendered":"Lokales Energieprojekt sichert Arbeitspl\u00e4tze und erm\u00f6glicht bezahlbare Versorgung"},"content":{"rendered":"<p>Das Laminat- und Faserplattenwerk der Classen-Gruppe in Baruth\/Mark plant, seinen Strombedarf zuk\u00fcnftig aus erneuerbaren Quellen zu decken. Gemeinsam mit der naturwind-Unternehmensgruppe wird ein Windpark errichtet, der den ben\u00f6tigten Strom liefert. Zudem wird die Abw\u00e4rme aus der Produktion genutzt, um die umliegenden Orte mit W\u00e4rme zu versorgen. Durch die Erzeugung von Wasserstoff vor Ort k\u00f6nnen synthetische Kraftstoffe oder chemische Grundstoffe gewonnen werden. Dieses Gesamtkonzept wird als erfolgreiche Energiewende und Vorbild f\u00fcr andere Regionen gelobt.<br \/>\n<!--more--><\/p>\n<div id=\"ez-toc-container\" class=\"ez-toc-v2_0_16 counter-hierarchy\">\n<div class=\"ez-toc-title-container\">\n<p class=\"ez-toc-title\">Inhaltsverzeichnis: Das erwartet Sie in diesem Artikel<\/p>\n<span class=\"ez-toc-title-toggle\"><a class=\"ez-toc-pull-right ez-toc-btn ez-toc-btn-xs ez-toc-btn-default ez-toc-toggle\" style=\"display: none;\"><i class=\"ez-toc-glyphicon ez-toc-icon-toggle\"><\/i><\/a><\/span><\/div>\n<nav><ul class=\"ez-toc-list ez-toc-list-level-1\"><li class=\"ez-toc-page-1 ez-toc-heading-level-2\"><a class=\"ez-toc-link ez-toc-heading-1\" href=\"https:\/\/www.doppelklicker.de\/blog\/classen-gruppe-und-naturwind-planen-windpark\/#classen-gruppe-setzt-auf-kreislaufwirtschaft-und-sichert-arbeitsplaetze\" title=\"Classen-Gruppe setzt auf Kreislaufwirtschaft und sichert Arbeitspl\u00e4tze\">Classen-Gruppe setzt auf Kreislaufwirtschaft und sichert Arbeitspl\u00e4tze<\/a><\/li><li class=\"ez-toc-page-1 ez-toc-heading-level-2\"><a class=\"ez-toc-link ez-toc-heading-2\" href=\"https:\/\/www.doppelklicker.de\/blog\/classen-gruppe-und-naturwind-planen-windpark\/#windpark-genehmigungsverfahren-startet-bald-umweltuntersuchungen-nahezu-abgeschlossen\" title=\"Windpark-Genehmigungsverfahren startet bald &#8211; Umweltuntersuchungen nahezu abgeschlossen\">Windpark-Genehmigungsverfahren startet bald &#8211; Umweltuntersuchungen nahezu abgeschlossen<\/a><\/li><li class=\"ez-toc-page-1 ez-toc-heading-level-2\"><a class=\"ez-toc-link ez-toc-heading-3\" href=\"https:\/\/www.doppelklicker.de\/blog\/classen-gruppe-und-naturwind-planen-windpark\/#emb-energie-brandenburg-sichert-waermeversorgung-im-projekt\" title=\"EMB Energie Brandenburg sichert W\u00e4rmeversorgung im Projekt\">EMB Energie Brandenburg sichert W\u00e4rmeversorgung im Projekt<\/a><\/li><li class=\"ez-toc-page-1 ez-toc-heading-level-2\"><a class=\"ez-toc-link ez-toc-heading-4\" href=\"https:\/\/www.doppelklicker.de\/blog\/classen-gruppe-und-naturwind-planen-windpark\/#naturwind-und-classen-gruppe-partnerschaft-fuer-nachhaltige-energieversorgung\" title=\"naturwind und Classen-Gruppe: Partnerschaft f\u00fcr nachhaltige Energieversorgung\">naturwind und Classen-Gruppe: Partnerschaft f\u00fcr nachhaltige Energieversorgung<\/a><\/li><li class=\"ez-toc-page-1 ez-toc-heading-level-2\"><a class=\"ez-toc-link ez-toc-heading-5\" href=\"https:\/\/www.doppelklicker.de\/blog\/classen-gruppe-und-naturwind-planen-windpark\/#energieprojekt-sichert-arbeitsplaetze-und-ermoeglicht-nachhaltige-energieversorgung\" title=\"Energieprojekt sichert Arbeitspl\u00e4tze und erm\u00f6glicht nachhaltige Energieversorgung\">Energieprojekt sichert Arbeitspl\u00e4tze und erm\u00f6glicht nachhaltige Energieversorgung<\/a><\/li><\/ul><\/nav><\/div>\n<h2><span class=\"ez-toc-section\" id=\"classen-gruppe-setzt-auf-kreislaufwirtschaft-und-sichert-arbeitsplaetze\"><\/span>Classen-Gruppe setzt auf Kreislaufwirtschaft und sichert Arbeitspl\u00e4tze<span class=\"ez-toc-section-end\"><\/span><\/h2>\n<p>Das Energieprojekt der Classen-Gruppe ist von gro\u00dfer Bedeutung, um die zahlreichen Arbeitspl\u00e4tze in der Region zu erhalten. Die Abw\u00e4rme, die bei der Produktion entsteht, wird kostenfrei f\u00fcr das regionale W\u00e4rmenetz zur Verf\u00fcgung gestellt. Mithilfe einer W\u00e4rmepumpe wird die Abw\u00e4rme auf die ben\u00f6tigte Temperatur gebracht. Der ben\u00f6tigte Strom wird vom nahegelegenen Windpark geliefert. Dieses Konzept einer Kreislaufwirtschaft kommt den Menschen vor Ort zugute, indem es Arbeitspl\u00e4tze sichert und eine erschwingliche W\u00e4rmeversorgung gew\u00e4hrleistet. Das Projekt dient als Vorbild f\u00fcr die Energiewende in Brandenburg und ganz Deutschland.<\/p>\n<h2><span class=\"ez-toc-section\" id=\"windpark-genehmigungsverfahren-startet-bald-umweltuntersuchungen-nahezu-abgeschlossen\"><\/span>Windpark-Genehmigungsverfahren startet bald &#8211; Umweltuntersuchungen nahezu abgeschlossen<span class=\"ez-toc-section-end\"><\/span><\/h2>\n<p>Das Genehmigungsverfahren f\u00fcr den geplanten Windpark in Baruth\/Mark soll noch im laufenden Jahr eingeleitet werden. Die Umweltuntersuchungen, einschlie\u00dflich der Kartierung von Rast- und Brutv\u00f6geln, werden bereits abgeschlossen. Die Stadt Baruth\/Mark arbeitet an einem Bebauungsplan, der den Bau des Windparks im Jahr 2026 erm\u00f6glichen wird.<\/p>\n<h2><span class=\"ez-toc-section\" id=\"emb-energie-brandenburg-sichert-waermeversorgung-im-projekt\"><\/span>EMB Energie Brandenburg sichert W\u00e4rmeversorgung im Projekt<span class=\"ez-toc-section-end\"><\/span><\/h2>\n<p>Die EMB Energie Brandenburg GmbH \u00fcbernimmt die Verantwortung f\u00fcr die W\u00e4rmeversorgung des Projekts. Derzeit befindet sich die Planung des W\u00e4rmenetzes in vollem Gange, mit dem Ziel, es rechtzeitig zur Heizsaison 2026\/27 in Betrieb zu nehmen. Zudem ist geplant, in Baruth\/Mark Wasserstoff zu produzieren. Dieser Wasserstoff wird zur Herstellung von Methanol verwendet, das als Vorprodukt f\u00fcr die Leimherstellung in der Faserplattenproduktion dient und einen wichtigen Beitrag zur Dekarbonisierung leistet.<\/p>\n<h2><span class=\"ez-toc-section\" id=\"naturwind-und-classen-gruppe-partnerschaft-fuer-nachhaltige-energieversorgung\"><\/span>naturwind und Classen-Gruppe: Partnerschaft f\u00fcr nachhaltige Energieversorgung<span class=\"ez-toc-section-end\"><\/span><\/h2>\n<p>naturwind ist ein Unternehmen, das sich auf die Entwicklung, Planung und den Betrieb von Windparks spezialisiert hat. Durch innovative und nachhaltige Ans\u00e4tze arbeiten sie daran, eine saubere und zuverl\u00e4ssige Energieversorgung f\u00fcr die Zukunft zu gew\u00e4hrleisten. Die Classen-Gruppe hingegen ist ein f\u00fchrender Hersteller von umweltfreundlichen Wand- und Bodenbel\u00e4gen. Sie setzen auf Technologief\u00fchrerschaft und Nachhaltigkeit, indem sie auf den Einsatz von sch\u00e4dlichen Materialien verzichten und ihre Patente der gesamten Branche zur Verf\u00fcgung stellen.<\/p>\n<h2><span class=\"ez-toc-section\" id=\"energieprojekt-sichert-arbeitsplaetze-und-ermoeglicht-nachhaltige-energieversorgung\"><\/span>Energieprojekt sichert Arbeitspl\u00e4tze und erm\u00f6glicht nachhaltige Energieversorgung<span class=\"ez-toc-section-end\"><\/span><\/h2>\n<p>Das geplante Energieprojekt zwischen der Classen-Gruppe und naturwind ist ein anschauliches Beispiel daf\u00fcr, wie eine lokale Energiewende erfolgreich umgesetzt werden kann. Durch den Bau eines Windparks, die effiziente Nutzung von Abw\u00e4rme und die Produktion von Wasserstoff wird nicht nur die Umwelt geschont, sondern auch die Sicherheit von Arbeitspl\u00e4tzen gew\u00e4hrleistet. Zudem erm\u00f6glicht das Projekt eine bezahlbare und nachhaltige Energieversorgung, die als Vorbild f\u00fcr weitere Energiewende-Projekte in Brandenburg und ganz Deutschland dienen kann.<\/p>\n","protected":false},"excerpt":{"rendered":"<p>Das Laminat- und Faserplattenwerk der Classen-Gruppe in Baruth\/Mark plant, seinen Strombedarf zuk\u00fcnftig aus erneuerbaren Quellen zu decken. Gemeinsam mit der naturwind-Unternehmensgruppe wird ein Windpark errichtet, der den ben\u00f6tigten Strom liefert. Zudem wird die Abw\u00e4rme aus der Produktion genutzt, um die umliegenden Orte mit W\u00e4rme zu versorgen. Durch die Erzeugung von Wasserstoff vor Ort k\u00f6nnen synthetische<\/p>\n<div class=\"read-more\"><a href=\"https:\/\/www.doppelklicker.de\/blog\/classen-gruppe-und-naturwind-planen-windpark\/\" title=\"Jetzt alles lesen\">Jetzt alles lesen<\/a><\/div>\n","protected":false},"author":8,"featured_media":8864,"comment_status":"open","ping_status":"open","sticky":false,"template":"","format":"standard","meta":[],"categories":[3305],"tags":[],"yoast_head":"<!-- This site is optimized with the Yoast SEO plugin v18.2 - https:\/\/yoast.com\/wordpress\/plugins\/seo\/ -->\n<meta name=\"robots\" content=\"index, follow, max-snippet:-1, max-image-preview:large, max-video-preview:-1\" \/>\n<link rel=\"canonical\" href=\"https:\/\/www.doppelklicker.de\/blog\/classen-gruppe-und-naturwind-planen-windpark\/\" \/>\n<meta property=\"og:locale\" content=\"de_DE\" \/>\n<meta property=\"og:type\" content=\"article\" \/>\n<meta property=\"og:title\" content=\"Lokales Energieprojekt sichert Arbeitspl\u00e4tze und erm\u00f6glicht bezahlbare Versorgung\" \/>\n<meta property=\"og:description\" content=\"Das Laminat- und Faserplattenwerk der Classen-Gruppe in Baruth\/Mark plant, seinen Strombedarf zuk\u00fcnftig aus erneuerbaren Quellen zu decken. Gemeinsam mit der naturwind-Unternehmensgruppe wird ein Windpark errichtet, der den ben\u00f6tigten Strom liefert. Zudem wird die Abw\u00e4rme aus der Produktion genutzt, um die umliegenden Orte mit W\u00e4rme zu versorgen. Durch die Erzeugung von Wasserstoff vor Ort k\u00f6nnen synthetischeJetzt alles lesen\" \/>\n<meta property=\"og:url\" content=\"https:\/\/www.doppelklicker.de\/blog\/classen-gruppe-und-naturwind-planen-windpark\/\" \/>\n<meta property=\"og:site_name\" content=\"Aus Mainz.\" \/>\n<meta property=\"article:published_time\" content=\"2024-08-16T07:00:00+00:00\" \/>\n<meta name=\"twitter:card\" content=\"summary_large_image\" \/>\n<meta name=\"twitter:label1\" content=\"Verfasst von\" \/>\n\t<meta name=\"twitter:data1\" content=\"Iris Martin\" \/>\n\t<meta name=\"twitter:label2\" content=\"Gesch\u00e4tzte Lesezeit\" \/>\n\t<meta name=\"twitter:data2\" content=\"2 Minuten\" \/>\n<script type=\"application\/ld+json\" class=\"yoast-schema-graph\">{\"@context\":\"https:\/\/schema.org\",\"@graph\":[{\"@type\":\"WebSite\",\"@id\":\"https:\/\/www.doppelklicker.de\/blog\/#website\",\"url\":\"https:\/\/www.doppelklicker.de\/blog\/\",\"name\":\"Aus Mainz.\",\"description\":\"F\u00fcr die Welt.\",\"potentialAction\":[{\"@type\":\"SearchAction\",\"target\":{\"@type\":\"EntryPoint\",\"urlTemplate\":\"https:\/\/www.doppelklicker.de\/blog\/?s={search_term_string}\"},\"query-input\":\"required name=search_term_string\"}],\"inLanguage\":\"de-DE\"},{\"@type\":\"ImageObject\",\"@id\":\"https:\/\/www.doppelklicker.de\/blog\/classen-gruppe-und-naturwind-planen-windpark\/#primaryimage\",\"inLanguage\":\"de-DE\",\"url\":\"https:\/\/www.doppelklicker.de\/blog\/wp-content\/uploads\/2024\/08\/lokales-energieprojekt-sichert-arbeitsplaetze-und-ermoeglicht-bezahlbare-22130.jpg\",\"contentUrl\":\"https:\/\/www.doppelklicker.de\/blog\/wp-content\/uploads\/2024\/08\/lokales-energieprojekt-sichert-arbeitsplaetze-und-ermoeglicht-bezahlbare-22130.jpg\",\"width\":1280,\"height\":615,\"caption\":\"Lokales Energieprojekt sichert Arbeitspl\u00e4tze und erm\u00f6glicht bezahlbare Versorgung (Foto: Classen)\"},{\"@type\":\"WebPage\",\"@id\":\"https:\/\/www.doppelklicker.de\/blog\/classen-gruppe-und-naturwind-planen-windpark\/#webpage\",\"url\":\"https:\/\/www.doppelklicker.de\/blog\/classen-gruppe-und-naturwind-planen-windpark\/\",\"name\":\"Lokales Energieprojekt sichert Arbeitspl\u00e4tze und erm\u00f6glicht bezahlbare Versorgung\",\"isPartOf\":{\"@id\":\"https:\/\/www.doppelklicker.de\/blog\/#website\"},\"primaryImageOfPage\":{\"@id\":\"https:\/\/www.doppelklicker.de\/blog\/classen-gruppe-und-naturwind-planen-windpark\/#primaryimage\"},\"datePublished\":\"2024-08-16T07:00:00+00:00\",\"dateModified\":\"2024-08-16T07:00:00+00:00\",\"author\":{\"@id\":\"https:\/\/www.doppelklicker.de\/blog\/#\/schema\/person\/08dcac172bdb025e8ff433488184668a\"},\"breadcrumb\":{\"@id\":\"https:\/\/www.doppelklicker.de\/blog\/classen-gruppe-und-naturwind-planen-windpark\/#breadcrumb\"},\"inLanguage\":\"de-DE\",\"potentialAction\":[{\"@type\":\"ReadAction\",\"target\":[\"https:\/\/www.doppelklicker.de\/blog\/classen-gruppe-und-naturwind-planen-windpark\/\"]}]},{\"@type\":\"BreadcrumbList\",\"@id\":\"https:\/\/www.doppelklicker.de\/blog\/classen-gruppe-und-naturwind-planen-windpark\/#breadcrumb\",\"itemListElement\":[{\"@type\":\"ListItem\",\"position\":1,\"name\":\"Startseite\",\"item\":\"https:\/\/www.doppelklicker.de\/blog\/\"},{\"@type\":\"ListItem\",\"position\":2,\"name\":\"Lokales Energieprojekt sichert Arbeitspl\u00e4tze und erm\u00f6glicht bezahlbare Versorgung\"}]},{\"@type\":\"Person\",\"@id\":\"https:\/\/www.doppelklicker.de\/blog\/#\/schema\/person\/08dcac172bdb025e8ff433488184668a\",\"name\":\"Iris Martin\",\"image\":{\"@type\":\"ImageObject\",\"@id\":\"https:\/\/www.doppelklicker.de\/blog\/#personlogo\",\"inLanguage\":\"de-DE\",\"url\":\"https:\/\/secure.gravatar.com\/avatar\/82fdaa093be0b9686b531f99fcb54d15?s=96&d=wp_user_avatar&r=g\",\"contentUrl\":\"https:\/\/secure.gravatar.com\/avatar\/82fdaa093be0b9686b531f99fcb54d15?s=96&d=wp_user_avatar&r=g\",\"caption\":\"Iris Martin\"},\"url\":\"https:\/\/www.doppelklicker.de\/blog\/author\/iris-martin\/\"}]}<\/script>\n<!-- \/ Yoast SEO plugin. -->","yoast_head_json":{"robots":{"index":"index","follow":"follow","max-snippet":"max-snippet:-1","max-image-preview":"max-image-preview:large","max-video-preview":"max-video-preview:-1"},"canonical":"https:\/\/www.doppelklicker.de\/blog\/classen-gruppe-und-naturwind-planen-windpark\/","og_locale":"de_DE","og_type":"article","og_title":"Lokales Energieprojekt sichert Arbeitspl\u00e4tze und erm\u00f6glicht bezahlbare Versorgung","og_description":"Das Laminat- und Faserplattenwerk der Classen-Gruppe in Baruth\/Mark plant, seinen Strombedarf zuk\u00fcnftig aus erneuerbaren Quellen zu decken. Gemeinsam mit der naturwind-Unternehmensgruppe wird ein Windpark errichtet, der den ben\u00f6tigten Strom liefert. Zudem wird die Abw\u00e4rme aus der Produktion genutzt, um die umliegenden Orte mit W\u00e4rme zu versorgen. Durch die Erzeugung von Wasserstoff vor Ort k\u00f6nnen synthetischeJetzt alles lesen","og_url":"https:\/\/www.doppelklicker.de\/blog\/classen-gruppe-und-naturwind-planen-windpark\/","og_site_name":"Aus Mainz.","article_published_time":"2024-08-16T07:00:00+00:00","twitter_card":"summary_large_image","twitter_misc":{"Verfasst von":"Iris Martin","Gesch\u00e4tzte Lesezeit":"2 Minuten"},"schema":{"@context":"https:\/\/schema.org","@graph":[{"@type":"WebSite","@id":"https:\/\/www.doppelklicker.de\/blog\/#website","url":"https:\/\/www.doppelklicker.de\/blog\/","name":"Aus Mainz.","description":"F\u00fcr die Welt.","potentialAction":[{"@type":"SearchAction","target":{"@type":"EntryPoint","urlTemplate":"https:\/\/www.doppelklicker.de\/blog\/?s={search_term_string}"},"query-input":"required name=search_term_string"}],"inLanguage":"de-DE"},{"@type":"ImageObject","@id":"https:\/\/www.doppelklicker.de\/blog\/classen-gruppe-und-naturwind-planen-windpark\/#primaryimage","inLanguage":"de-DE","url":"https:\/\/www.doppelklicker.de\/blog\/wp-content\/uploads\/2024\/08\/lokales-energieprojekt-sichert-arbeitsplaetze-und-ermoeglicht-bezahlbare-22130.jpg","contentUrl":"https:\/\/www.doppelklicker.de\/blog\/wp-content\/uploads\/2024\/08\/lokales-energieprojekt-sichert-arbeitsplaetze-und-ermoeglicht-bezahlbare-22130.jpg","width":1280,"height":615,"caption":"Lokales Energieprojekt sichert Arbeitspl\u00e4tze und erm\u00f6glicht bezahlbare Versorgung (Foto: Classen)"},{"@type":"WebPage","@id":"https:\/\/www.doppelklicker.de\/blog\/classen-gruppe-und-naturwind-planen-windpark\/#webpage","url":"https:\/\/www.doppelklicker.de\/blog\/classen-gruppe-und-naturwind-planen-windpark\/","name":"Lokales Energieprojekt sichert Arbeitspl\u00e4tze und erm\u00f6glicht bezahlbare Versorgung","isPartOf":{"@id":"https:\/\/www.doppelklicker.de\/blog\/#website"},"primaryImageOfPage":{"@id":"https:\/\/www.doppelklicker.de\/blog\/classen-gruppe-und-naturwind-planen-windpark\/#primaryimage"},"datePublished":"2024-08-16T07:00:00+00:00","dateModified":"2024-08-16T07:00:00+00:00","author":{"@id":"https:\/\/www.doppelklicker.de\/blog\/#\/schema\/person\/08dcac172bdb025e8ff433488184668a"},"breadcrumb":{"@id":"https:\/\/www.doppelklicker.de\/blog\/classen-gruppe-und-naturwind-planen-windpark\/#breadcrumb"},"inLanguage":"de-DE","potentialAction":[{"@type":"ReadAction","target":["https:\/\/www.doppelklicker.de\/blog\/classen-gruppe-und-naturwind-planen-windpark\/"]}]},{"@type":"BreadcrumbList","@id":"https:\/\/www.doppelklicker.de\/blog\/classen-gruppe-und-naturwind-planen-windpark\/#breadcrumb","itemListElement":[{"@type":"ListItem","position":1,"name":"Startseite","item":"https:\/\/www.doppelklicker.de\/blog\/"},{"@type":"ListItem","position":2,"name":"Lokales Energieprojekt sichert Arbeitspl\u00e4tze und erm\u00f6glicht bezahlbare Versorgung"}]},{"@type":"Person","@id":"https:\/\/www.doppelklicker.de\/blog\/#\/schema\/person\/08dcac172bdb025e8ff433488184668a","name":"Iris Martin","image":{"@type":"ImageObject","@id":"https:\/\/www.doppelklicker.de\/blog\/#personlogo","inLanguage":"de-DE","url":"https:\/\/secure.gravatar.com\/avatar\/82fdaa093be0b9686b531f99fcb54d15?s=96&d=wp_user_avatar&r=g","contentUrl":"https:\/\/secure.gravatar.com\/avatar\/82fdaa093be0b9686b531f99fcb54d15?s=96&d=wp_user_avatar&r=g","caption":"Iris Martin"},"url":"https:\/\/www.doppelklicker.de\/blog\/author\/iris-martin\/"}]}},"_links":{"self":[{"href":"https:\/\/www.doppelklicker.de\/blog\/wp-json\/wp\/v2\/posts\/8863"}],"collection":[{"href":"https:\/\/www.doppelklicker.de\/blog\/wp-json\/wp\/v2\/posts"}],"about":[{"href":"https:\/\/www.doppelklicker.de\/blog\/wp-json\/wp\/v2\/types\/post"}],"author":[{"embeddable":true,"href":"https:\/\/www.doppelklicker.de\/blog\/wp-json\/wp\/v2\/users\/8"}],"replies":[{"embeddable":true,"href":"https:\/\/www.doppelklicker.de\/blog\/wp-json\/wp\/v2\/comments?post=8863"}],"version-history":[{"count":0,"href":"https:\/\/www.doppelklicker.de\/blog\/wp-json\/wp\/v2\/posts\/8863\/revisions"}],"wp:featuredmedia":[{"embeddable":true,"href":"https:\/\/www.doppelklicker.de\/blog\/wp-json\/wp\/v2\/media\/8864"}],"wp:attachment":[{"href":"https:\/\/www.doppelklicker.de\/blog\/wp-json\/wp\/v2\/media?parent=8863"}],"wp:term":[{"taxonomy":"category","embeddable":true,"href":"https:\/\/www.doppelklicker.de\/blog\/wp-json\/wp\/v2\/categories?post=8863"},{"taxonomy":"post_tag","embeddable":true,"href":"https:\/\/www.doppelklicker.de\/blog\/wp-json\/wp\/v2\/tags?post=8863"}],"curies":[{"name":"wp","href":"https:\/\/api.w.org\/{rel}","templated":true}]}}