{"id":9249,"date":"2024-06-20T09:00:00","date_gmt":"2024-06-20T07:00:00","guid":{"rendered":"guid"},"modified":"2024-06-20T09:00:00","modified_gmt":"2024-06-20T07:00:00","slug":"disneys-musical-tarzan-tarzan-und-jane-feiern-25-jaehriges-jubilaeum","status":"publish","type":"post","link":"https:\/\/www.doppelklicker.de\/blog\/disneys-musical-tarzan-tarzan-und-jane-feiern-25-jaehriges-jubilaeum\/","title":{"rendered":"TARZAN(R)-Musical feiert 25-j\u00e4hriges Jubil\u00e4um mit exklusivem Duett"},"content":{"rendered":"<p>Seit seiner Ver\u00f6ffentlichung vor 25 Jahren hat der Zeichentrickfilm TARZAN(R) von Disney auf der ganzen Welt Millionen von Menschen ber\u00fchrt. Die einzigartige Geschichte des Waisenjungen, der seine Wurzeln im Dschungel sucht und dabei die Liebe seines Lebens findet, hat einen bleibenden Eindruck hinterlassen. Ein gro\u00dfer Beitrag zu diesem Erfolg ist die Musik von Phil Collins, der nicht nur die Filmmusik komponierte, sondern auch alle Lieder selbst sang.<br \/>\n<!--more--><\/p>\n<div id=\"ez-toc-container\" class=\"ez-toc-v2_0_16 counter-hierarchy\">\n<div class=\"ez-toc-title-container\">\n<p class=\"ez-toc-title\">Inhaltsverzeichnis: Das erwartet Sie in diesem Artikel<\/p>\n<span class=\"ez-toc-title-toggle\"><a class=\"ez-toc-pull-right ez-toc-btn ez-toc-btn-xs ez-toc-btn-default ez-toc-toggle\" style=\"display: none;\"><i class=\"ez-toc-glyphicon ez-toc-icon-toggle\"><\/i><\/a><\/span><\/div>\n<nav><ul class=\"ez-toc-list ez-toc-list-level-1\"><li class=\"ez-toc-page-1 ez-toc-heading-level-2\"><a class=\"ez-toc-link ez-toc-heading-1\" href=\"https:\/\/www.doppelklicker.de\/blog\/disneys-musical-tarzan-tarzan-und-jane-feiern-25-jaehriges-jubilaeum\/#tarzanr-musical-begeistert-erneut-in-stuttgart\" title=\"TARZAN(R) Musical begeistert erneut in Stuttgart\">TARZAN(R) Musical begeistert erneut in Stuttgart<\/a><\/li><li class=\"ez-toc-page-1 ez-toc-heading-level-2\"><a class=\"ez-toc-link ez-toc-heading-2\" href=\"https:\/\/www.doppelklicker.de\/blog\/disneys-musical-tarzan-tarzan-und-jane-feiern-25-jaehriges-jubilaeum\/#judith-caspari-tarzan-film-inspirierte-ihre-rolle-als-jane\" title=\"Judith Caspari: Tarzan-Film inspirierte ihre Rolle als Jane\">Judith Caspari: Tarzan-Film inspirierte ihre Rolle als Jane<\/a><\/li><li class=\"ez-toc-page-1 ez-toc-heading-level-2\"><a class=\"ez-toc-link ez-toc-heading-3\" href=\"https:\/\/www.doppelklicker.de\/blog\/disneys-musical-tarzan-tarzan-und-jane-feiern-25-jaehriges-jubilaeum\/#judith-caspari-schwaermt-von-phil-collins-einzigartiger-musik\" title=\"Judith Caspari schw\u00e4rmt von Phil Collins&#8216; einzigartiger Musik\">Judith Caspari schw\u00e4rmt von Phil Collins&#8216; einzigartiger Musik<\/a><\/li><li class=\"ez-toc-page-1 ez-toc-heading-level-2\"><a class=\"ez-toc-link ez-toc-heading-4\" href=\"https:\/\/www.doppelklicker.de\/blog\/disneys-musical-tarzan-tarzan-und-jane-feiern-25-jaehriges-jubilaeum\/#tarzanr-musical-stars-veroeffentlichen-studioversion-des-klassikers\" title=\"Tarzan(R) Musical-Stars ver\u00f6ffentlichen Studioversion des Klassikers\">Tarzan(R) Musical-Stars ver\u00f6ffentlichen Studioversion des Klassikers<\/a><\/li><li class=\"ez-toc-page-1 ez-toc-heading-level-2\"><a class=\"ez-toc-link ez-toc-heading-5\" href=\"https:\/\/www.doppelklicker.de\/blog\/disneys-musical-tarzan-tarzan-und-jane-feiern-25-jaehriges-jubilaeum\/#tarzanr-in-stuttgart-ein-immersives-erlebnis-fuer-disney-fans\" title=\"TARZAN(R) in Stuttgart: Ein immersives Erlebnis f\u00fcr Disney-Fans\">TARZAN(R) in Stuttgart: Ein immersives Erlebnis f\u00fcr Disney-Fans<\/a><\/li><\/ul><\/nav><\/div>\n<h2><span class=\"ez-toc-section\" id=\"tarzanr-musical-begeistert-erneut-in-stuttgart\"><\/span>TARZAN(R) Musical begeistert erneut in Stuttgart<span class=\"ez-toc-section-end\"><\/span><\/h2>\n<p>Das Disney Musical TARZAN(R) wurde im November 2023 zum zweiten Mal in Stuttgart aufgef\u00fchrt. Die Produktion beeindruckt mit einer mitrei\u00dfenden Musik von Phil Collins sowie spektakul\u00e4ren B\u00fchnen-, Licht- und Toneffekten. Besonders atemberaubend ist die Luftakrobatik, die ein einmaliges immersives Erlebnis schafft. Der gro\u00dfe Erfolg der Neuinszenierung f\u00fchrte dazu, dass das Musical bis Sommer 2025 verl\u00e4ngert wurde. Sowohl der Tarzan-Darsteller Terence van der Loo als auch die Jane-Darstellerin Judith Caspari sind gro\u00dfe Disney-Fans und haben eine pers\u00f6nliche Verbindung zu dem Film.<\/p>\n<h2><span class=\"ez-toc-section\" id=\"judith-caspari-tarzan-film-inspirierte-ihre-rolle-als-jane\"><\/span>Judith Caspari: Tarzan-Film inspirierte ihre Rolle als Jane<span class=\"ez-toc-section-end\"><\/span><\/h2>\n<p>Judith Caspari war schon als Kind von dem TARZAN(R)-Film begeistert. Die Rolle der Jane hat sie besonders inspiriert, da sie f\u00fcr Leidenschaft, Neugier und Begeisterung steht. In der Neuinszenierung des Musicals wurde Janes Charakter weiterentwickelt und sie darf nun noch mutiger sein. Sie f\u00fchrt die Expedition in den Dschungel an und repr\u00e4sentiert damit das Bild einer starken Frau.<\/p>\n<p>Terence van der Loo erinnert sich liebevoll an den TARZAN(R)-Film seiner Kindheit, insbesondere an die lustigen Szenen zwischen Tarzan und Terk, die ihn begeisterten. Die Freundschaft der beiden Charaktere, die so unterschiedlich sind, hat ihn tief beeindruckt. Es ist f\u00fcr ihn eine gro\u00dfe Ehre, die Rolle von Tarzan auf der B\u00fchne zu verk\u00f6rpern und dabei sowohl den Spa\u00df und die Leichtigkeit als auch die wichtige Botschaft von Akzeptanz und Zusammenhalt zu vermitteln.<\/p>\n<h2><span class=\"ez-toc-section\" id=\"judith-caspari-schwaermt-von-phil-collins-einzigartiger-musik\"><\/span>Judith Caspari schw\u00e4rmt von Phil Collins&#8216; einzigartiger Musik<span class=\"ez-toc-section-end\"><\/span><\/h2>\n<p>Judith Caspari sch\u00e4tzt die einzigartige Klangwelt, die Phil Collins mit seiner Musik f\u00fcr das TARZAN(R)-Musical geschaffen hat. Sein pr\u00e4gnanter Stil bleibt dabei erhalten und beeindruckt sie. Als S\u00e4ngerin findet sie es gro\u00dfartig, seine Songs zu singen, da sie ihr die M\u00f6glichkeit bieten, ihre Stimmfarbe zu variieren und neue aufregende Facetten zum Ausdruck zu bringen.<\/p>\n<p>Terence van der Loo, der Hauptdarsteller des Musicals TARZAN(R), bewundert Phil Collins als ein Musikgenie und findet seine Lieder einfach fantastisch. Besonders begeistert ist er von den rockigen Genesis-Songs, die in den 80er Jahren popul\u00e4r waren. Das Singen der poppigen Lieder aus dem Musical TARZAN(R) stellt f\u00fcr ihn eine stimmliche Herausforderung dar, da sie anspruchsvoll sind und eine emotionale Geschichte erz\u00e4hlen. Die einzigartigen und pr\u00e4gnanten Kl\u00e4nge von Phil Collins lassen Terence van der Loo in seine Musik eintauchen und pers\u00f6nlich wachsen.<\/p>\n<h2><span class=\"ez-toc-section\" id=\"tarzanr-musical-stars-veroeffentlichen-studioversion-des-klassikers\"><\/span>Tarzan(R) Musical-Stars ver\u00f6ffentlichen Studioversion des Klassikers<span class=\"ez-toc-section-end\"><\/span><\/h2>\n<p>Terence van der Loo und Judith Caspari haben zum 25-j\u00e4hrigen Jubil\u00e4um des Films eine Studioversion des bekannten Songs &#8222;You&#8217;ll Be In My Heart&#8220; aufgenommen. Diese poppige Duett-Version ist ein besonderes Geschenk an die Fans und kann unter dem Link &#8222;Dir geh\u00f6rt mein Herz &#8211; Das Jubil\u00e4umsvideo&#8220; angeh\u00f6rt und angesehen werden.<\/p>\n<h2><span class=\"ez-toc-section\" id=\"tarzanr-in-stuttgart-ein-immersives-erlebnis-fuer-disney-fans\"><\/span>TARZAN(R) in Stuttgart: Ein immersives Erlebnis f\u00fcr Disney-Fans<span class=\"ez-toc-section-end\"><\/span><\/h2>\n<p>Das Musical TARZAN(R) in Stuttgart bietet eine faszinierende Mischung aus beeindruckenden visuellen Effekten, atemberaubender Luftakrobatik und mitrei\u00dfender Musik. Die talentierten Hauptdarsteller bringen die ikonischen Charaktere von Tarzan und Jane mit Hingabe und Leidenschaft zum Leben. Die einzigartige Musik erz\u00e4hlt eine emotionale Geschichte, die die Zuschauer in ihren Bann zieht. Das 25-j\u00e4hrige Jubil\u00e4um des Films wird geb\u00fchrend gefeiert, und die Studioversion des Duetts &#8222;You&#8217;ll Be In My Heart&#8220; ist ein absolutes Highlight f\u00fcr alle Fans. Ein Besuch des Musicals TARZAN(R) ist ein unvergessliches Erlebnis f\u00fcr jeden Musik- und Disney-Liebhaber.<\/p>\n","protected":false},"excerpt":{"rendered":"<p>Seit seiner Ver\u00f6ffentlichung vor 25 Jahren hat der Zeichentrickfilm TARZAN(R) von Disney auf der ganzen Welt Millionen von Menschen ber\u00fchrt. Die einzigartige Geschichte des Waisenjungen, der seine Wurzeln im Dschungel sucht und dabei die Liebe seines Lebens findet, hat einen bleibenden Eindruck hinterlassen. Ein gro\u00dfer Beitrag zu diesem Erfolg ist die Musik von Phil Collins,<\/p>\n<div class=\"read-more\"><a href=\"https:\/\/www.doppelklicker.de\/blog\/disneys-musical-tarzan-tarzan-und-jane-feiern-25-jaehriges-jubilaeum\/\" title=\"Jetzt alles lesen\">Jetzt alles lesen<\/a><\/div>\n","protected":false},"author":8,"featured_media":9251,"comment_status":"open","ping_status":"open","sticky":false,"template":"","format":"standard","meta":[],"categories":[3305],"tags":[],"yoast_head":"<!-- This site is optimized with the Yoast SEO plugin v18.2 - https:\/\/yoast.com\/wordpress\/plugins\/seo\/ -->\n<meta name=\"robots\" content=\"index, follow, max-snippet:-1, max-image-preview:large, max-video-preview:-1\" \/>\n<link rel=\"canonical\" href=\"https:\/\/www.doppelklicker.de\/blog\/disneys-musical-tarzan-tarzan-und-jane-feiern-25-jaehriges-jubilaeum\/\" \/>\n<meta property=\"og:locale\" content=\"de_DE\" \/>\n<meta property=\"og:type\" content=\"article\" \/>\n<meta property=\"og:title\" content=\"TARZAN(R)-Musical feiert 25-j\u00e4hriges Jubil\u00e4um mit exklusivem Duett\" \/>\n<meta property=\"og:description\" content=\"Seit seiner Ver\u00f6ffentlichung vor 25 Jahren hat der Zeichentrickfilm TARZAN(R) von Disney auf der ganzen Welt Millionen von Menschen ber\u00fchrt. Die einzigartige Geschichte des Waisenjungen, der seine Wurzeln im Dschungel sucht und dabei die Liebe seines Lebens findet, hat einen bleibenden Eindruck hinterlassen. Ein gro\u00dfer Beitrag zu diesem Erfolg ist die Musik von Phil Collins,Jetzt alles lesen\" \/>\n<meta property=\"og:url\" content=\"https:\/\/www.doppelklicker.de\/blog\/disneys-musical-tarzan-tarzan-und-jane-feiern-25-jaehriges-jubilaeum\/\" \/>\n<meta property=\"og:site_name\" content=\"Aus Mainz.\" \/>\n<meta property=\"article:published_time\" content=\"2024-06-20T07:00:00+00:00\" \/>\n<meta property=\"og:image\" content=\"https:\/\/www.doppelklicker.de\/blog\/wp-content\/uploads\/2024\/10\/tarzan-r-musical-feiert-25-jaehriges-jubilaeum-exklusivem-22620.jpg\" \/>\n\t<meta property=\"og:image:width\" content=\"1280\" \/>\n\t<meta property=\"og:image:height\" content=\"615\" \/>\n\t<meta property=\"og:image:type\" content=\"image\/jpeg\" \/>\n<meta name=\"twitter:card\" content=\"summary_large_image\" \/>\n<meta name=\"twitter:label1\" content=\"Verfasst von\" \/>\n\t<meta name=\"twitter:data1\" content=\"Iris Martin\" \/>\n\t<meta name=\"twitter:label2\" content=\"Gesch\u00e4tzte Lesezeit\" \/>\n\t<meta name=\"twitter:data2\" content=\"3 Minuten\" \/>\n<script type=\"application\/ld+json\" class=\"yoast-schema-graph\">{\"@context\":\"https:\/\/schema.org\",\"@graph\":[{\"@type\":\"WebSite\",\"@id\":\"https:\/\/www.doppelklicker.de\/blog\/#website\",\"url\":\"https:\/\/www.doppelklicker.de\/blog\/\",\"name\":\"Aus Mainz.\",\"description\":\"F\u00fcr die Welt.\",\"potentialAction\":[{\"@type\":\"SearchAction\",\"target\":{\"@type\":\"EntryPoint\",\"urlTemplate\":\"https:\/\/www.doppelklicker.de\/blog\/?s={search_term_string}\"},\"query-input\":\"required name=search_term_string\"}],\"inLanguage\":\"de-DE\"},{\"@type\":\"ImageObject\",\"@id\":\"https:\/\/www.doppelklicker.de\/blog\/disneys-musical-tarzan-tarzan-und-jane-feiern-25-jaehriges-jubilaeum\/#primaryimage\",\"inLanguage\":\"de-DE\",\"url\":\"https:\/\/www.doppelklicker.de\/blog\/wp-content\/uploads\/2024\/10\/tarzan-r-musical-feiert-25-jaehriges-jubilaeum-exklusivem-22620.jpg\",\"contentUrl\":\"https:\/\/www.doppelklicker.de\/blog\/wp-content\/uploads\/2024\/10\/tarzan-r-musical-feiert-25-jaehriges-jubilaeum-exklusivem-22620.jpg\",\"width\":1280,\"height\":615,\"caption\":\"TARZAN(R)-Musical feiert 25-j\u00e4hriges Jubil\u00e4um mit exklusivem Duett (Foto: Morris Mac Matzen. Stage Entertainment)\"},{\"@type\":\"WebPage\",\"@id\":\"https:\/\/www.doppelklicker.de\/blog\/disneys-musical-tarzan-tarzan-und-jane-feiern-25-jaehriges-jubilaeum\/#webpage\",\"url\":\"https:\/\/www.doppelklicker.de\/blog\/disneys-musical-tarzan-tarzan-und-jane-feiern-25-jaehriges-jubilaeum\/\",\"name\":\"TARZAN(R)-Musical feiert 25-j\u00e4hriges Jubil\u00e4um mit exklusivem Duett\",\"isPartOf\":{\"@id\":\"https:\/\/www.doppelklicker.de\/blog\/#website\"},\"primaryImageOfPage\":{\"@id\":\"https:\/\/www.doppelklicker.de\/blog\/disneys-musical-tarzan-tarzan-und-jane-feiern-25-jaehriges-jubilaeum\/#primaryimage\"},\"datePublished\":\"2024-06-20T07:00:00+00:00\",\"dateModified\":\"2024-06-20T07:00:00+00:00\",\"author\":{\"@id\":\"https:\/\/www.doppelklicker.de\/blog\/#\/schema\/person\/08dcac172bdb025e8ff433488184668a\"},\"breadcrumb\":{\"@id\":\"https:\/\/www.doppelklicker.de\/blog\/disneys-musical-tarzan-tarzan-und-jane-feiern-25-jaehriges-jubilaeum\/#breadcrumb\"},\"inLanguage\":\"de-DE\",\"potentialAction\":[{\"@type\":\"ReadAction\",\"target\":[\"https:\/\/www.doppelklicker.de\/blog\/disneys-musical-tarzan-tarzan-und-jane-feiern-25-jaehriges-jubilaeum\/\"]}]},{\"@type\":\"BreadcrumbList\",\"@id\":\"https:\/\/www.doppelklicker.de\/blog\/disneys-musical-tarzan-tarzan-und-jane-feiern-25-jaehriges-jubilaeum\/#breadcrumb\",\"itemListElement\":[{\"@type\":\"ListItem\",\"position\":1,\"name\":\"Startseite\",\"item\":\"https:\/\/www.doppelklicker.de\/blog\/\"},{\"@type\":\"ListItem\",\"position\":2,\"name\":\"TARZAN(R)-Musical feiert 25-j\u00e4hriges Jubil\u00e4um mit exklusivem Duett\"}]},{\"@type\":\"Person\",\"@id\":\"https:\/\/www.doppelklicker.de\/blog\/#\/schema\/person\/08dcac172bdb025e8ff433488184668a\",\"name\":\"Iris Martin\",\"image\":{\"@type\":\"ImageObject\",\"@id\":\"https:\/\/www.doppelklicker.de\/blog\/#personlogo\",\"inLanguage\":\"de-DE\",\"url\":\"https:\/\/secure.gravatar.com\/avatar\/82fdaa093be0b9686b531f99fcb54d15?s=96&d=wp_user_avatar&r=g\",\"contentUrl\":\"https:\/\/secure.gravatar.com\/avatar\/82fdaa093be0b9686b531f99fcb54d15?s=96&d=wp_user_avatar&r=g\",\"caption\":\"Iris Martin\"},\"url\":\"https:\/\/www.doppelklicker.de\/blog\/author\/iris-martin\/\"}]}<\/script>\n<!-- \/ Yoast SEO plugin. -->","yoast_head_json":{"robots":{"index":"index","follow":"follow","max-snippet":"max-snippet:-1","max-image-preview":"max-image-preview:large","max-video-preview":"max-video-preview:-1"},"canonical":"https:\/\/www.doppelklicker.de\/blog\/disneys-musical-tarzan-tarzan-und-jane-feiern-25-jaehriges-jubilaeum\/","og_locale":"de_DE","og_type":"article","og_title":"TARZAN(R)-Musical feiert 25-j\u00e4hriges Jubil\u00e4um mit exklusivem Duett","og_description":"Seit seiner Ver\u00f6ffentlichung vor 25 Jahren hat der Zeichentrickfilm TARZAN(R) von Disney auf der ganzen Welt Millionen von Menschen ber\u00fchrt. Die einzigartige Geschichte des Waisenjungen, der seine Wurzeln im Dschungel sucht und dabei die Liebe seines Lebens findet, hat einen bleibenden Eindruck hinterlassen. Ein gro\u00dfer Beitrag zu diesem Erfolg ist die Musik von Phil Collins,Jetzt alles lesen","og_url":"https:\/\/www.doppelklicker.de\/blog\/disneys-musical-tarzan-tarzan-und-jane-feiern-25-jaehriges-jubilaeum\/","og_site_name":"Aus Mainz.","article_published_time":"2024-06-20T07:00:00+00:00","og_image":[{"width":1280,"height":615,"url":"https:\/\/www.doppelklicker.de\/blog\/wp-content\/uploads\/2024\/10\/tarzan-r-musical-feiert-25-jaehriges-jubilaeum-exklusivem-22620.jpg","type":"image\/jpeg"}],"twitter_card":"summary_large_image","twitter_misc":{"Verfasst von":"Iris Martin","Gesch\u00e4tzte Lesezeit":"3 Minuten"},"schema":{"@context":"https:\/\/schema.org","@graph":[{"@type":"WebSite","@id":"https:\/\/www.doppelklicker.de\/blog\/#website","url":"https:\/\/www.doppelklicker.de\/blog\/","name":"Aus Mainz.","description":"F\u00fcr die Welt.","potentialAction":[{"@type":"SearchAction","target":{"@type":"EntryPoint","urlTemplate":"https:\/\/www.doppelklicker.de\/blog\/?s={search_term_string}"},"query-input":"required name=search_term_string"}],"inLanguage":"de-DE"},{"@type":"ImageObject","@id":"https:\/\/www.doppelklicker.de\/blog\/disneys-musical-tarzan-tarzan-und-jane-feiern-25-jaehriges-jubilaeum\/#primaryimage","inLanguage":"de-DE","url":"https:\/\/www.doppelklicker.de\/blog\/wp-content\/uploads\/2024\/10\/tarzan-r-musical-feiert-25-jaehriges-jubilaeum-exklusivem-22620.jpg","contentUrl":"https:\/\/www.doppelklicker.de\/blog\/wp-content\/uploads\/2024\/10\/tarzan-r-musical-feiert-25-jaehriges-jubilaeum-exklusivem-22620.jpg","width":1280,"height":615,"caption":"TARZAN(R)-Musical feiert 25-j\u00e4hriges Jubil\u00e4um mit exklusivem Duett (Foto: Morris Mac Matzen. Stage Entertainment)"},{"@type":"WebPage","@id":"https:\/\/www.doppelklicker.de\/blog\/disneys-musical-tarzan-tarzan-und-jane-feiern-25-jaehriges-jubilaeum\/#webpage","url":"https:\/\/www.doppelklicker.de\/blog\/disneys-musical-tarzan-tarzan-und-jane-feiern-25-jaehriges-jubilaeum\/","name":"TARZAN(R)-Musical feiert 25-j\u00e4hriges Jubil\u00e4um mit exklusivem Duett","isPartOf":{"@id":"https:\/\/www.doppelklicker.de\/blog\/#website"},"primaryImageOfPage":{"@id":"https:\/\/www.doppelklicker.de\/blog\/disneys-musical-tarzan-tarzan-und-jane-feiern-25-jaehriges-jubilaeum\/#primaryimage"},"datePublished":"2024-06-20T07:00:00+00:00","dateModified":"2024-06-20T07:00:00+00:00","author":{"@id":"https:\/\/www.doppelklicker.de\/blog\/#\/schema\/person\/08dcac172bdb025e8ff433488184668a"},"breadcrumb":{"@id":"https:\/\/www.doppelklicker.de\/blog\/disneys-musical-tarzan-tarzan-und-jane-feiern-25-jaehriges-jubilaeum\/#breadcrumb"},"inLanguage":"de-DE","potentialAction":[{"@type":"ReadAction","target":["https:\/\/www.doppelklicker.de\/blog\/disneys-musical-tarzan-tarzan-und-jane-feiern-25-jaehriges-jubilaeum\/"]}]},{"@type":"BreadcrumbList","@id":"https:\/\/www.doppelklicker.de\/blog\/disneys-musical-tarzan-tarzan-und-jane-feiern-25-jaehriges-jubilaeum\/#breadcrumb","itemListElement":[{"@type":"ListItem","position":1,"name":"Startseite","item":"https:\/\/www.doppelklicker.de\/blog\/"},{"@type":"ListItem","position":2,"name":"TARZAN(R)-Musical feiert 25-j\u00e4hriges Jubil\u00e4um mit exklusivem Duett"}]},{"@type":"Person","@id":"https:\/\/www.doppelklicker.de\/blog\/#\/schema\/person\/08dcac172bdb025e8ff433488184668a","name":"Iris Martin","image":{"@type":"ImageObject","@id":"https:\/\/www.doppelklicker.de\/blog\/#personlogo","inLanguage":"de-DE","url":"https:\/\/secure.gravatar.com\/avatar\/82fdaa093be0b9686b531f99fcb54d15?s=96&d=wp_user_avatar&r=g","contentUrl":"https:\/\/secure.gravatar.com\/avatar\/82fdaa093be0b9686b531f99fcb54d15?s=96&d=wp_user_avatar&r=g","caption":"Iris Martin"},"url":"https:\/\/www.doppelklicker.de\/blog\/author\/iris-martin\/"}]}},"_links":{"self":[{"href":"https:\/\/www.doppelklicker.de\/blog\/wp-json\/wp\/v2\/posts\/9249"}],"collection":[{"href":"https:\/\/www.doppelklicker.de\/blog\/wp-json\/wp\/v2\/posts"}],"about":[{"href":"https:\/\/www.doppelklicker.de\/blog\/wp-json\/wp\/v2\/types\/post"}],"author":[{"embeddable":true,"href":"https:\/\/www.doppelklicker.de\/blog\/wp-json\/wp\/v2\/users\/8"}],"replies":[{"embeddable":true,"href":"https:\/\/www.doppelklicker.de\/blog\/wp-json\/wp\/v2\/comments?post=9249"}],"version-history":[{"count":0,"href":"https:\/\/www.doppelklicker.de\/blog\/wp-json\/wp\/v2\/posts\/9249\/revisions"}],"wp:featuredmedia":[{"embeddable":true,"href":"https:\/\/www.doppelklicker.de\/blog\/wp-json\/wp\/v2\/media\/9251"}],"wp:attachment":[{"href":"https:\/\/www.doppelklicker.de\/blog\/wp-json\/wp\/v2\/media?parent=9249"}],"wp:term":[{"taxonomy":"category","embeddable":true,"href":"https:\/\/www.doppelklicker.de\/blog\/wp-json\/wp\/v2\/categories?post=9249"},{"taxonomy":"post_tag","embeddable":true,"href":"https:\/\/www.doppelklicker.de\/blog\/wp-json\/wp\/v2\/tags?post=9249"}],"curies":[{"name":"wp","href":"https:\/\/api.w.org\/{rel}","templated":true}]}}